{"id":1061,"date":"2017-08-31T21:02:37","date_gmt":"2017-08-31T21:02:37","guid":{"rendered":"http:\/\/www.savigny-viry-catholique.fr\/?p=1061"},"modified":"2017-08-31T21:02:37","modified_gmt":"2017-08-31T21:02:37","slug":"mgr-michel-pansard-nouvel-eveque-devry-corbeil-essonnes","status":"publish","type":"post","link":"https:\/\/demos.uptitude.fr\/savviry1\/mgr-michel-pansard-nouvel-eveque-devry-corbeil-essonnes\/","title":{"rendered":"Mgr Michel PANSARD, nouvel \u00e9v\u00eaque d&rsquo;Evry-Corbeil-Essonnes"},"content":{"rendered":"<p><img fetchpriority=\"high\" decoding=\"async\" class=\"alignnone wp-image-1062 size-medium\" title=\"Michel Pansard\" src=\"http:\/\/www.savigny-viry-catholique.fr\/wp-content\/uploads\/2017\/08\/Zmgr_pansard-243x300.jpg\" alt=\"Michel Pansard\" width=\"243\" height=\"300\" \/>\u00a0<strong>Mgr Michel PANSARD<\/strong> a \u00e9t\u00e9 nomm\u00e9 \u00e9v\u00eaque du dioc\u00e8se d\u2019\u00c9vry &#8211; Corbeil-Essonnes,par le Pape Fran\u00e7ois le 1er ao\u00fbt dernier. Il \u00e9tait jusqu\u2019\u00e0 pr\u00e9sent \u00e9v\u00eaque de Chartres.<\/p>\n<p>Mgr Michel Dubost (\u00e9tant atteint par la limite d\u2019\u00e2ge !), est nomm\u00e9 administrateur apostolique du dioc\u00e8se jusqu\u2019\u00e0 la prise de possession de son successeur.<\/p>\n<p>Ordonn\u00e9 en 1982 pour le dioc\u00e8se Nanterre, Mgr Michel Pansard fut vicaire de la paroisse Saint Jean-Baptiste de Sceaux (1982-1985) et aum\u00f4nier des lyc\u00e9es et coll\u00e8ges de Sceaux (1982-1988).<\/p>\n<p>En parall\u00e8le de ces fonctions, Mgr Pansard fut en mission d\u2019\u00e9tudes \u00e0 l\u2019Institut Catholique de Paris entre 1985 et 1988.<\/p>\n<p>En 1988, il devint professeur et directeur au S\u00e9minaire Saint-Sulpice d\u2019Issy-les-Moulineaux, fonction qu\u2019il occupa jusqu\u2019en 2000.<\/p>\n<p>Il fut ensuite nomm\u00e9 responsable dioc\u00e9sain de la formation permanente des pr\u00eatres (1994-2003).<\/p>\n<p>En 2000, Mgr Pansard devint Vicaire g\u00e9n\u00e9ral de l\u2019\u00e9v\u00eaque de Nanterre et aum\u00f4nier dioc\u00e9sain du Mouvement des cadres chr\u00e9tiens, fonction qu\u2019il occupa jusqu\u2019\u00e0 sa nomination en comme \u00e9v\u00eaque de Chartres en 2005.<\/p>\n<p>Au sein de la Conf\u00e9rence des \u00e9v\u00eaques de France, Mgr Pansard fut Pr\u00e9sident du Conseil pour les mouvements et associations de fid\u00e8les de 2011 \u00e0 2017.<br \/>\n<span style=\"color: #0000ff;\"><strong>\u00ab L\u2019installation \u00bb<\/strong><\/span> de <span style=\"color: #0000ff;\"><strong>Mgr Michel PANSARD<\/strong><\/span> aura lieu le <span style=\"color: #0000ff;\"><strong>dimanche 1er octobre \u00e0 15h00<\/strong><\/span> en la <span style=\"color: #0000ff;\"><strong>cath\u00e9drale de la R\u00e9surrection d\u2019Evry<\/strong><\/span>.<\/p>\n<p><strong>Interview de Mgr Michel Pansard, nouvel \u00e9v\u00eaque d\u00b4\u00c9vry-Corbeil-Essonnes\u00a0<\/strong><br class=\"autobr\" \/>Une vid\u00e9o de\u00a0<i>KTO :<\/i><\/p>\n<p><a href=\"https:\/\/youtu.be\/uCYT_N_GMcE\">https:\/\/youtu.be\/uCYT_N_GMcE<\/a><\/p>\n","protected":false},"excerpt":{"rendered":"<p>\u00a0Mgr Michel PANSARD a \u00e9t\u00e9 nomm\u00e9 \u00e9v\u00eaque du dioc\u00e8se d\u2019\u00c9vry &#8211; Corbeil-Essonnes,par le Pape Fran\u00e7ois le 1er ao\u00fbt dernier. Il \u00e9tait jusqu\u2019\u00e0 pr\u00e9sent \u00e9v\u00eaque de Chartres. Mgr Michel Dubost (\u00e9tant atteint par la limite d\u2019\u00e2ge !), est nomm\u00e9 administrateur&hellip;<\/p>\n","protected":false},"author":990003,"featured_media":1062,"comment_status":"closed","ping_status":"closed","sticky":false,"template":"","format":"standard","meta":{"give_campaign_id":0,"footnotes":""},"categories":[1],"tags":[],"class_list":["post-1061","post","type-post","status-publish","format-standard","has-post-thumbnail","hentry","category-uncategorized"],"_links":{"self":[{"href":"https:\/\/demos.uptitude.fr\/savviry1\/wp-json\/wp\/v2\/posts\/1061","targetHints":{"allow":["GET"]}}],"collection":[{"href":"https:\/\/demos.uptitude.fr\/savviry1\/wp-json\/wp\/v2\/posts"}],"about":[{"href":"https:\/\/demos.uptitude.fr\/savviry1\/wp-json\/wp\/v2\/types\/post"}],"author":[{"embeddable":true,"href":"https:\/\/demos.uptitude.fr\/savviry1\/wp-json\/wp\/v2\/users\/990003"}],"replies":[{"embeddable":true,"href":"https:\/\/demos.uptitude.fr\/savviry1\/wp-json\/wp\/v2\/comments?post=1061"}],"version-history":[{"count":0,"href":"https:\/\/demos.uptitude.fr\/savviry1\/wp-json\/wp\/v2\/posts\/1061\/revisions"}],"wp:featuredmedia":[{"embeddable":true,"href":"https:\/\/demos.uptitude.fr\/savviry1\/wp-json\/"}],"wp:attachment":[{"href":"https:\/\/demos.uptitude.fr\/savviry1\/wp-json\/wp\/v2\/media?parent=1061"}],"wp:term":[{"taxonomy":"category","embeddable":true,"href":"https:\/\/demos.uptitude.fr\/savviry1\/wp-json\/wp\/v2\/categories?post=1061"},{"taxonomy":"post_tag","embeddable":true,"href":"https:\/\/demos.uptitude.fr\/savviry1\/wp-json\/wp\/v2\/tags?post=1061"}],"curies":[{"name":"wp","href":"https:\/\/api.w.org\/{rel}","templated":true}]}}