{"id":1085,"date":"2017-09-19T09:47:00","date_gmt":"2017-09-19T09:47:00","guid":{"rendered":"http:\/\/www.savigny-viry-catholique.fr\/?p=1085"},"modified":"2017-09-19T09:47:00","modified_gmt":"2017-09-19T09:47:00","slug":"messes-de-rentree","status":"publish","type":"post","link":"https:\/\/demos.uptitude.fr\/savviry1\/messes-de-rentree\/","title":{"rendered":"Messes de rentr\u00e9e"},"content":{"rendered":"<p>La Rentr\u00e9e est faite !<\/p>\n<p>Lors des messes de rentr\u00e9e de septembre, les cat\u00e9chistes et animateurs d&rsquo;aum\u00f4nerie ont \u00e9t\u00e9 pr\u00e9sent\u00e9s \u00e0 la communaut\u00e9 paroissiale et \u00ab\u00a0envoy\u00e9s en mission\u00a0\u00bb aupr\u00e8s des jeunes.<\/p>\n<p><em><span style=\"color: #0000ff\">\u00ab Je vous ai transmis en premier lieu ce que j\u2019avais re\u00e7u moi-m\u00eame \u00bb (I Co 15,3)<\/span>. Ces paroles de saint Paul caract\u00e9risent bien la nature de la foi. Elle est, dans le m\u00eame mouvement, r\u00e9ception et transmission. Nous ne gardons pas la Parole de Dieu pour nous. Elle est Parole pour le Monde et source de vie pour tous les hommes et femmes de tous les temps. D\u2019 o\u00f9 la place, essentielle dans l\u2019Eglise, des structures de transmission et de la p\u00e9dagogie de la foi. L\u2019<a class=\"glossary-term\" title=\"Processus par lequel on devient chr\u00e9tien et membre de l'Eglise.\" href=\"http:\/\/www.eglise.catholique.fr\/glossaire\/initiation-chretienne\">initiation chr\u00e9tienne<\/a>, \u00e0 la base de la\u00a0<a class=\"glossary-term\" title=\"Enseignement des principes de la foi.\" href=\"http:\/\/www.eglise.catholique.fr\/glossaire\/catechese\">cat\u00e9ch\u00e8se<\/a>, ainsi que les diff\u00e9rents minist\u00e8res dans l\u2019Eglise, sont au service de la Parole de Dieu et de la Bonne Nouvelle \u00e9vang\u00e9lique. La foi ne se transmet pas d\u2019abord comme un ensemble de consignes ou de codes mais comme un souffle de vie.<\/em><\/p>\n<p><img fetchpriority=\"high\" decoding=\"async\" class=\"alignnone size-medium wp-image-1083\" src=\"http:\/\/www.savigny-viry-catholique.fr\/wp-content\/uploads\/2017\/09\/20170916_183951-V1-300x191.jpg\" alt=\"\" width=\"300\" height=\"191\" \/> <img decoding=\"async\" class=\"alignnone size-medium wp-image-1084\" src=\"http:\/\/www.savigny-viry-catholique.fr\/wp-content\/uploads\/2017\/09\/20170916_184047-V1-300x154.jpg\" alt=\"\" width=\"300\" height=\"154\" \/> <img decoding=\"async\" class=\"alignnone size-medium wp-image-1081\" src=\"http:\/\/www.savigny-viry-catholique.fr\/wp-content\/uploads\/2017\/09\/20170916_183742-V1-300x169.jpg\" alt=\"\" width=\"300\" height=\"169\" \/> <img loading=\"lazy\" decoding=\"async\" class=\"alignnone size-medium wp-image-1082\" src=\"http:\/\/www.savigny-viry-catholique.fr\/wp-content\/uploads\/2017\/09\/20170916_183926-V1-300x161.jpg\" alt=\"\" width=\"300\" height=\"161\" \/><\/p>\n","protected":false},"excerpt":{"rendered":"<p>La Rentr\u00e9e est faite ! Lors des messes de rentr\u00e9e de septembre, les cat\u00e9chistes et animateurs d&rsquo;aum\u00f4nerie ont \u00e9t\u00e9 pr\u00e9sent\u00e9s \u00e0 la communaut\u00e9 paroissiale et \u00ab\u00a0envoy\u00e9s en mission\u00a0\u00bb aupr\u00e8s des jeunes. \u00ab Je vous ai transmis en premier lieu&hellip;<\/p>\n","protected":false},"author":990003,"featured_media":1083,"comment_status":"closed","ping_status":"closed","sticky":false,"template":"","format":"standard","meta":{"give_campaign_id":0,"footnotes":""},"categories":[1],"tags":[],"class_list":["post-1085","post","type-post","status-publish","format-standard","has-post-thumbnail","hentry","category-uncategorized"],"_links":{"self":[{"href":"https:\/\/demos.uptitude.fr\/savviry1\/wp-json\/wp\/v2\/posts\/1085","targetHints":{"allow":["GET"]}}],"collection":[{"href":"https:\/\/demos.uptitude.fr\/savviry1\/wp-json\/wp\/v2\/posts"}],"about":[{"href":"https:\/\/demos.uptitude.fr\/savviry1\/wp-json\/wp\/v2\/types\/post"}],"author":[{"embeddable":true,"href":"https:\/\/demos.uptitude.fr\/savviry1\/wp-json\/wp\/v2\/users\/990003"}],"replies":[{"embeddable":true,"href":"https:\/\/demos.uptitude.fr\/savviry1\/wp-json\/wp\/v2\/comments?post=1085"}],"version-history":[{"count":0,"href":"https:\/\/demos.uptitude.fr\/savviry1\/wp-json\/wp\/v2\/posts\/1085\/revisions"}],"wp:featuredmedia":[{"embeddable":true,"href":"https:\/\/demos.uptitude.fr\/savviry1\/wp-json\/"}],"wp:attachment":[{"href":"https:\/\/demos.uptitude.fr\/savviry1\/wp-json\/wp\/v2\/media?parent=1085"}],"wp:term":[{"taxonomy":"category","embeddable":true,"href":"https:\/\/demos.uptitude.fr\/savviry1\/wp-json\/wp\/v2\/categories?post=1085"},{"taxonomy":"post_tag","embeddable":true,"href":"https:\/\/demos.uptitude.fr\/savviry1\/wp-json\/wp\/v2\/tags?post=1085"}],"curies":[{"name":"wp","href":"https:\/\/api.w.org\/{rel}","templated":true}]}}