{"id":1096,"date":"2017-10-15T17:37:55","date_gmt":"2017-10-15T17:37:55","guid":{"rendered":"http:\/\/www.savigny-viry-catholique.fr\/?p=1096"},"modified":"2017-10-15T17:37:55","modified_gmt":"2017-10-15T17:37:55","slug":"synode-2018-jeunes-ont-parole","status":"publish","type":"post","link":"https:\/\/demos.uptitude.fr\/savviry1\/synode-2018-jeunes-ont-parole\/","title":{"rendered":"Synode 2018 : Les jeunes ont la parole !"},"content":{"rendered":"<p><img fetchpriority=\"high\" decoding=\"async\" class=\"alignnone size-medium wp-image-1097\" src=\"http:\/\/www.savigny-viry-catholique.fr\/wp-content\/uploads\/2017\/09\/Synode2018-300x168.jpg\" alt=\"\" width=\"300\" height=\"168\" \/>Le pape Fran\u00e7ois a annonc\u00e9 la convocation d\u2019une nouvelle assembl\u00e9e g\u00e9n\u00e9rale du Synode des \u00e9v\u00eaques sur le th\u00e8me<em>\u00a0\u00ab\u00a0Les jeunes, la foi et le discernement vocationnel\u00a0\u00bb<\/em>, en octobre 2018, \u00e0 Rome.<\/p>\n<p>D\u2019ici l\u00e0, les jeunes, entre 16 et 29 ans, sont invit\u00e9s \u00e0 s\u2019exprimer, notamment en remplissant\u00a0<a href=\"http:\/\/2yp8.mj.am\/lnk\/AEsAAH3EQ3gAAT51XWgAAAAABzsAAAAAACMAAAAkAANFwwBZwRPg9H7J8SwBSH6UYDNblw8qxAADIgs\/11\/YUXEj1GqRd_OwzeNzhF6Sg\/aHR0cDovL2JpdC5seS8yclpQU01a\"><em>le questionnaire en ligne<\/em><\/a>,<\/p>\n<p><a href=\"https:\/\/survey-synod2018.glauco.it\/limesurvey\/index.php\/147718\">https:\/\/survey-synod2018.glauco.it\/limesurvey\/index.php\/147718<\/a><\/p>\n<p>accessible\u00a0<strong>jusqu\u2019au 30 novembre 2017<\/strong>.<\/p>\n<p>A voir\u00a0: une vid\u00e9o propos\u00e9e par le Service National pour l\u2019\u00c9vang\u00e9lisation des Jeunes et les Vocations.<\/p>\n<p><a href=\"https:\/\/www.youtube.com\/watch?time_continue=10&amp;v=YhNAMqRGg-8\">https:\/\/www.youtube.com\/watch?time_continue=10&amp;v=YhNAMqRGg-8<\/a><\/p>\n<p>&nbsp;<\/p>\n<p>Mgr Michel Dubost adresse sa derni\u00e8re lettre pastorale sur <em>\u00ab\u00a0La place des jeunes dans notre communaut\u00e9\u00a0\u00bb<\/em><\/p>\n<p>\u00e0 t\u00e9l\u00e9charger ici :<\/p>\n<p><a href=\"https:\/\/www.evry.catholique.fr\/IMG\/pdf\/2017-08-28_Lettre-pastorale-jeunes_Mgr-Dubost.pdf\">https:\/\/www.evry.catholique.fr\/IMG\/pdf\/2017-08-28_Lettre-pastorale-jeunes_Mgr-Dubost.pdf<\/a><\/p>\n","protected":false},"excerpt":{"rendered":"<p>Le pape Fran\u00e7ois a annonc\u00e9 la convocation d\u2019une nouvelle assembl\u00e9e g\u00e9n\u00e9rale du Synode des \u00e9v\u00eaques sur le th\u00e8me\u00a0\u00ab\u00a0Les jeunes, la foi et le discernement vocationnel\u00a0\u00bb, en octobre 2018, \u00e0 Rome. D\u2019ici l\u00e0, les jeunes, entre 16 et 29 ans,&hellip;<\/p>\n","protected":false},"author":990003,"featured_media":1099,"comment_status":"closed","ping_status":"closed","sticky":false,"template":"","format":"standard","meta":{"give_campaign_id":0,"footnotes":""},"categories":[1],"tags":[],"class_list":["post-1096","post","type-post","status-publish","format-standard","has-post-thumbnail","hentry","category-uncategorized"],"_links":{"self":[{"href":"https:\/\/demos.uptitude.fr\/savviry1\/wp-json\/wp\/v2\/posts\/1096","targetHints":{"allow":["GET"]}}],"collection":[{"href":"https:\/\/demos.uptitude.fr\/savviry1\/wp-json\/wp\/v2\/posts"}],"about":[{"href":"https:\/\/demos.uptitude.fr\/savviry1\/wp-json\/wp\/v2\/types\/post"}],"author":[{"embeddable":true,"href":"https:\/\/demos.uptitude.fr\/savviry1\/wp-json\/wp\/v2\/users\/990003"}],"replies":[{"embeddable":true,"href":"https:\/\/demos.uptitude.fr\/savviry1\/wp-json\/wp\/v2\/comments?post=1096"}],"version-history":[{"count":0,"href":"https:\/\/demos.uptitude.fr\/savviry1\/wp-json\/wp\/v2\/posts\/1096\/revisions"}],"wp:featuredmedia":[{"embeddable":true,"href":"https:\/\/demos.uptitude.fr\/savviry1\/wp-json\/"}],"wp:attachment":[{"href":"https:\/\/demos.uptitude.fr\/savviry1\/wp-json\/wp\/v2\/media?parent=1096"}],"wp:term":[{"taxonomy":"category","embeddable":true,"href":"https:\/\/demos.uptitude.fr\/savviry1\/wp-json\/wp\/v2\/categories?post=1096"},{"taxonomy":"post_tag","embeddable":true,"href":"https:\/\/demos.uptitude.fr\/savviry1\/wp-json\/wp\/v2\/tags?post=1096"}],"curies":[{"name":"wp","href":"https:\/\/api.w.org\/{rel}","templated":true}]}}