{"id":1103,"date":"2019-09-01T21:20:12","date_gmt":"2019-09-01T21:20:12","guid":{"rendered":"http:\/\/www.savigny-viry-catholique.fr\/?p=1103"},"modified":"2019-09-01T21:20:12","modified_gmt":"2019-09-01T21:20:12","slug":"projet-pastoral-avis-important","status":"publish","type":"post","link":"https:\/\/demos.uptitude.fr\/savviry1\/projet-pastoral-avis-important\/","title":{"rendered":"Le Projet Pastoral"},"content":{"rendered":"<p><strong><span style=\"font-size: 24px;\">Le projet pastoral pour le Secteur Pastoral Savigny-Viry, <\/span><\/strong><\/p>\n<p><span style=\"font-size: 24px;\">A \u00e9t\u00e9 officialis\u00e9 au cours du p\u00e8lerinage du secteur \u00e0 St Germain l\u00e8s Arpajon le 8 avril 2018<\/span><\/p>\n<p><span style=\"font-size: 24px;\">nouvelle \u00ab&nbsp;feuille de route&nbsp;\u00bb pour les trois prochaines ann\u00e9es.<\/span><\/p>\n<p><strong>disponible dans les \u00e9glises et <a href=\"http:\/\/www.savigny-viry-catholique.fr\/Download\/doc\/Projet pastoral 2018-2021.pdf\" target=\"_blank\" rel=\"noopener noreferrer\">t\u00e9l\u00e9chargeable ici<\/a><\/strong><\/p>\n<p><img fetchpriority=\"high\" decoding=\"async\" class=\"alignnone size-medium wp-image-1193\" src=\"http:\/\/www.savigny-viry-catholique.fr\/wp-content\/uploads\/2017\/10\/Proj-Pastoral-04-300x251.jpg\" alt=\"\" width=\"300\" height=\"251\"><\/p>\n<p><strong>Les r\u00e9sultats de l&rsquo;assembl\u00e9e G\u00e9n\u00e9rale de secteur sont disponible ils<br \/>\n<\/strong><strong>sont publi\u00e9s dans \u00ab\u00a0Le fil\u00a0\u00bb de Mars 2018 (page 2) vous pouvez&nbsp;<a href=\"http:\/\/www.savigny-viry-catholique.fr\/Download\/jds\/jds_201803.pdf\" target=\"_blank\" rel=\"noopener noreferrer\">le t\u00e9l\u00e9charger ici<\/a><\/strong><\/p>\n<p><strong>Les r\u00e9sultats de la consultation (sondage) sont disponible vous pouvez <a href=\"http:\/\/www.savigny-viry-catholique.fr\/Download\/doc\/A.G. Projet pastoral 2018-2021.pdf\" target=\"_blank\" rel=\"noopener noreferrer\">les t\u00e9l\u00e9charger ici<\/a><\/strong><\/p>\n<p>&nbsp;<\/p>\n","protected":false},"excerpt":{"rendered":"<p>Le projet pastoral pour le Secteur Pastoral Savigny-Viry, A \u00e9t\u00e9 officialis\u00e9 au cours du p\u00e8lerinage du secteur \u00e0 St Germain l\u00e8s Arpajon le 8 avril 2018 nouvelle \u00ab&nbsp;feuille de route&nbsp;\u00bb pour les trois prochaines ann\u00e9es. disponible dans les \u00e9glises&hellip;<\/p>\n","protected":false},"author":990003,"featured_media":1193,"comment_status":"closed","ping_status":"closed","sticky":false,"template":"","format":"standard","meta":{"give_campaign_id":0,"footnotes":""},"categories":[1],"tags":[],"class_list":["post-1103","post","type-post","status-publish","format-standard","has-post-thumbnail","hentry","category-uncategorized"],"_links":{"self":[{"href":"https:\/\/demos.uptitude.fr\/savviry1\/wp-json\/wp\/v2\/posts\/1103","targetHints":{"allow":["GET"]}}],"collection":[{"href":"https:\/\/demos.uptitude.fr\/savviry1\/wp-json\/wp\/v2\/posts"}],"about":[{"href":"https:\/\/demos.uptitude.fr\/savviry1\/wp-json\/wp\/v2\/types\/post"}],"author":[{"embeddable":true,"href":"https:\/\/demos.uptitude.fr\/savviry1\/wp-json\/wp\/v2\/users\/990003"}],"replies":[{"embeddable":true,"href":"https:\/\/demos.uptitude.fr\/savviry1\/wp-json\/wp\/v2\/comments?post=1103"}],"version-history":[{"count":0,"href":"https:\/\/demos.uptitude.fr\/savviry1\/wp-json\/wp\/v2\/posts\/1103\/revisions"}],"wp:featuredmedia":[{"embeddable":true,"href":"https:\/\/demos.uptitude.fr\/savviry1\/wp-json\/"}],"wp:attachment":[{"href":"https:\/\/demos.uptitude.fr\/savviry1\/wp-json\/wp\/v2\/media?parent=1103"}],"wp:term":[{"taxonomy":"category","embeddable":true,"href":"https:\/\/demos.uptitude.fr\/savviry1\/wp-json\/wp\/v2\/categories?post=1103"},{"taxonomy":"post_tag","embeddable":true,"href":"https:\/\/demos.uptitude.fr\/savviry1\/wp-json\/wp\/v2\/tags?post=1103"}],"curies":[{"name":"wp","href":"https:\/\/api.w.org\/{rel}","templated":true}]}}