{"id":1127,"date":"2017-10-01T00:26:34","date_gmt":"2017-10-01T00:26:34","guid":{"rendered":"http:\/\/www.savigny-viry-catholique.fr\/?p=1127"},"modified":"2017-10-01T00:26:34","modified_gmt":"2017-10-01T00:26:34","slug":"installation-de-mgr-pansard-a-suivre-direct","status":"publish","type":"post","link":"https:\/\/demos.uptitude.fr\/savviry1\/installation-de-mgr-pansard-a-suivre-direct\/","title":{"rendered":"Installation de Mgr PANSARD : la c\u00e9r\u00e9monie est en ligne"},"content":{"rendered":"<p><strong>\u00ab L\u2019installation \u00bb<\/strong> de <strong>Mgr Michel PANSARD<\/strong> a eu lieu\u00a0\u00a0<strong>dimanche 1er octobre \u00e0 15h00<\/strong> en la <strong>cath\u00e9drale de la R\u00e9surrection d\u2019Evry<\/strong>..<\/p>\n<p>Vous pouvez voir l&rsquo;int\u00e9gralit\u00e9 de la c\u00e9r\u00e9monie \u00e0 l&rsquo;adresse suivante :<\/p>\n<p><a href=\"https:\/\/youtu.be\/1qRLfFeCRCU?t=1310\">https:\/\/youtu.be\/1qRLfFeCRCU?t=1310<\/a><\/p>\n<p>&nbsp;<\/p>\n<p><strong><img fetchpriority=\"high\" decoding=\"async\" class=\"alignnone size-medium wp-image-1062\" src=\"http:\/\/www.savigny-viry-catholique.fr\/wp-content\/uploads\/2017\/08\/Zmgr_pansard-243x300.jpg\" alt=\"\" width=\"243\" height=\"300\" \/><\/strong><\/p>\n<p><strong>En direct sur internet<\/strong><br class=\"autobr\" \/>Pour la premi\u00e8re fois un \u00e9v\u00e9nement du dioc\u00e8se a \u00e9t\u00e9\u00a0 retransmis en direct et visible en streaming sur YouTube .<\/p>\n<p>Tout s&rsquo;est d\u00e9roul\u00e9 correctement.<\/p>\n<p>Informations compl\u00e9mentaires en suivant le lien ci-apr\u00e8s<\/p>\n<p><a href=\"https:\/\/evry.catholique.fr\/-Nouvel-Eveque\">https:\/\/evry.catholique.fr\/-Nouvel-Eveque<\/a><\/p>\n","protected":false},"excerpt":{"rendered":"<p>\u00ab L\u2019installation \u00bb de Mgr Michel PANSARD a eu lieu\u00a0\u00a0dimanche 1er octobre \u00e0 15h00 en la cath\u00e9drale de la R\u00e9surrection d\u2019Evry.. Vous pouvez voir l&rsquo;int\u00e9gralit\u00e9 de la c\u00e9r\u00e9monie \u00e0 l&rsquo;adresse suivante : https:\/\/youtu.be\/1qRLfFeCRCU?t=1310 &nbsp; En direct sur internetPour la&hellip;<\/p>\n","protected":false},"author":990003,"featured_media":1139,"comment_status":"closed","ping_status":"closed","sticky":false,"template":"","format":"standard","meta":{"give_campaign_id":0,"footnotes":""},"categories":[1],"tags":[],"class_list":["post-1127","post","type-post","status-publish","format-standard","has-post-thumbnail","hentry","category-uncategorized"],"_links":{"self":[{"href":"https:\/\/demos.uptitude.fr\/savviry1\/wp-json\/wp\/v2\/posts\/1127","targetHints":{"allow":["GET"]}}],"collection":[{"href":"https:\/\/demos.uptitude.fr\/savviry1\/wp-json\/wp\/v2\/posts"}],"about":[{"href":"https:\/\/demos.uptitude.fr\/savviry1\/wp-json\/wp\/v2\/types\/post"}],"author":[{"embeddable":true,"href":"https:\/\/demos.uptitude.fr\/savviry1\/wp-json\/wp\/v2\/users\/990003"}],"replies":[{"embeddable":true,"href":"https:\/\/demos.uptitude.fr\/savviry1\/wp-json\/wp\/v2\/comments?post=1127"}],"version-history":[{"count":0,"href":"https:\/\/demos.uptitude.fr\/savviry1\/wp-json\/wp\/v2\/posts\/1127\/revisions"}],"wp:featuredmedia":[{"embeddable":true,"href":"https:\/\/demos.uptitude.fr\/savviry1\/wp-json\/"}],"wp:attachment":[{"href":"https:\/\/demos.uptitude.fr\/savviry1\/wp-json\/wp\/v2\/media?parent=1127"}],"wp:term":[{"taxonomy":"category","embeddable":true,"href":"https:\/\/demos.uptitude.fr\/savviry1\/wp-json\/wp\/v2\/categories?post=1127"},{"taxonomy":"post_tag","embeddable":true,"href":"https:\/\/demos.uptitude.fr\/savviry1\/wp-json\/wp\/v2\/tags?post=1127"}],"curies":[{"name":"wp","href":"https:\/\/api.w.org\/{rel}","templated":true}]}}