{"id":1150,"date":"2019-09-01T00:28:03","date_gmt":"2019-09-01T00:28:03","guid":{"rendered":"http:\/\/www.savigny-viry-catholique.fr\/?p=1150"},"modified":"2019-09-01T00:28:03","modified_gmt":"2019-09-01T00:28:03","slug":"1150-2","status":"publish","type":"post","link":"https:\/\/demos.uptitude.fr\/savviry1\/1150-2\/","title":{"rendered":"Horaires de la Toussaint"},"content":{"rendered":"<p><a href=\"http:\/\/www.savigny-viry-catholique.fr\/Download\/doc\/Toussaint.pdf\"><span style=\"font-size: 24px;\"><strong>Retrouvez les horaires des c\u00e9l\u00e9brations de la Toussaint&#8230; cliquer ici.<\/strong><\/span><\/a><\/p>\n<h1>01 et 02 Novembre<\/h1>\n<h2>F\u00eate de la Toussaint : Messes du vendredi 1 Novembre<\/h2>\n<h4><strong>Aux horaires habituels d&rsquo;un dimanche matin<br \/>\npas de messe anticip\u00e9e la veille<\/strong><\/h4>\n<p>09h30\u00a0\u00a0\u00a0\u00a0\u00a0 Saint Martin \u00a0\u00a0\u00a0\u00a0\u00a0\u00a0\u00a0\u00a0\u00a0\u00a0\u00a0\u00a0\u00a0\u00a0\u00a0 1 rue des Rossays &#8211; Savigny Sur Orge<\/p>\n<p>09h30\u00a0\u00a0\u00a0\u00a0\u00a0 Sainte Bernadette \u00a0\u00a0\u00a0\u00a0\u00a0\u00a0\u00a0 16 avenue Robert Keller &#8211; Viry &#8211; Chatillon<\/p>\n<p>11h00\u00a0\u00a0\u00a0\u00a0\u00a0 Sainte Th\u00e9r\u00e8se\u00a0\u00a0\u00a0\u00a0\u00a0\u00a0\u00a0\u00a0\u00a0\u00a0\u00a0\u00a0\u00a0 23 avenue des \u00e9coles &#8211; Savigny Sur Orge<\/p>\n<p>11h00\u00a0\u00a0\u00a0\u00a0\u00a0 Saint Esprit\u00a0\u00a0\u00a0\u00a0\u00a0\u00a0\u00a0\u00a0\u00a0\u00a0\u00a0\u00a0\u00a0\u00a0\u00a0\u00a0\u00a0\u00a0 53 boulevard Guynemer &#8211; Viry &#8211; Chatillon<\/p>\n<h2><strong>Jour de pri\u00e8re pour les d\u00e9funts : Messes du Samedi 2 Novembre <\/strong>(au matin)<\/h2>\n<p>10h00\u00a0\u00a0\u00a0\u00a0\u00a0 Sainte Bernadette<\/p>\n<p>10h30\u00a0 \u00a0 \u00a0 Sainte Th\u00e9r\u00e8se<\/p>\n<h6>Nota : Les messes du samedi soir sont les messes anticip\u00e9es ordinaire d&rsquo;un Weekend.<\/h6>\n<p><img decoding=\"async\" class=\"size-medium wp-image-1162 alignnone\" src=\"http:\/\/www.savigny-viry-catholique.fr\/wp-content\/uploads\/2017\/10\/admin-ajax-Toussaint17-01-300x129.jpg\" alt=\"\" width=\"300\" height=\"129\" \/><\/p>\n","protected":false},"excerpt":{"rendered":"<p>Retrouvez les horaires des c\u00e9l\u00e9brations de la Toussaint&#8230; cliquer ici. 01 et 02 Novembre F\u00eate de la Toussaint : Messes du vendredi 1 Novembre Aux horaires habituels d&rsquo;un dimanche matin pas de messe anticip\u00e9e la veille 09h30\u00a0\u00a0\u00a0\u00a0\u00a0 Saint Martin&hellip;<\/p>\n","protected":false},"author":990005,"featured_media":1606,"comment_status":"closed","ping_status":"closed","sticky":false,"template":"","format":"standard","meta":{"give_campaign_id":0,"footnotes":""},"categories":[36,37],"tags":[],"class_list":["post-1150","post","type-post","status-publish","format-standard","has-post-thumbnail","hentry","category-fete-rassemblement","category-horaires"],"_links":{"self":[{"href":"https:\/\/demos.uptitude.fr\/savviry1\/wp-json\/wp\/v2\/posts\/1150","targetHints":{"allow":["GET"]}}],"collection":[{"href":"https:\/\/demos.uptitude.fr\/savviry1\/wp-json\/wp\/v2\/posts"}],"about":[{"href":"https:\/\/demos.uptitude.fr\/savviry1\/wp-json\/wp\/v2\/types\/post"}],"author":[{"embeddable":true,"href":"https:\/\/demos.uptitude.fr\/savviry1\/wp-json\/wp\/v2\/users\/990005"}],"replies":[{"embeddable":true,"href":"https:\/\/demos.uptitude.fr\/savviry1\/wp-json\/wp\/v2\/comments?post=1150"}],"version-history":[{"count":0,"href":"https:\/\/demos.uptitude.fr\/savviry1\/wp-json\/wp\/v2\/posts\/1150\/revisions"}],"wp:featuredmedia":[{"embeddable":true,"href":"https:\/\/demos.uptitude.fr\/savviry1\/wp-json\/"}],"wp:attachment":[{"href":"https:\/\/demos.uptitude.fr\/savviry1\/wp-json\/wp\/v2\/media?parent=1150"}],"wp:term":[{"taxonomy":"category","embeddable":true,"href":"https:\/\/demos.uptitude.fr\/savviry1\/wp-json\/wp\/v2\/categories?post=1150"},{"taxonomy":"post_tag","embeddable":true,"href":"https:\/\/demos.uptitude.fr\/savviry1\/wp-json\/wp\/v2\/tags?post=1150"}],"curies":[{"name":"wp","href":"https:\/\/api.w.org\/{rel}","templated":true}]}}