{"id":1185,"date":"2018-02-05T09:30:43","date_gmt":"2018-02-05T09:30:43","guid":{"rendered":"http:\/\/www.savigny-viry-catholique.fr\/?p=1185"},"modified":"2018-02-05T09:30:43","modified_gmt":"2018-02-05T09:30:43","slug":"toiture-de-nd-desperance","status":"publish","type":"post","link":"https:\/\/demos.uptitude.fr\/savviry1\/toiture-de-nd-desperance\/","title":{"rendered":"ND d&rsquo;Esp\u00e9rance : il reste 10% \u00e0 trouver !! merci d&rsquo;avance."},"content":{"rendered":"<p><strong><span style=\"font-size: 28px;\">Aidez le dioc\u00e8se <\/span><\/strong><span style=\"font-size: 28px;\">qui supporte <\/span><span style=\"font-size: 28px;\">nos travaux,<\/span> <strong><span style=\"font-size: 28px;\">a s<b>auver notre \u00e9glise.<\/b><\/span><\/strong><\/p>\n<p><span style=\"font-size: 28px;\"><span style=\"font-size: 28px;\"><b>Participer \u00e0 la souscription.\u00a0<\/b><\/span><\/span><\/p>\n<p><a href=\"http:\/\/www.savigny-viry-catholique.fr\/Download\/doc\/Souscription-2017.pdf\"><span style=\"font-size: 24px; color: #808000;\">Fiche donateur cliquer ici<\/span><\/a><\/p>\n<p>&nbsp;<\/p>\n<p><img fetchpriority=\"high\" decoding=\"async\" class=\"size-medium wp-image-1206 alignleft\" src=\"http:\/\/www.savigny-viry-catholique.fr\/wp-content\/uploads\/2017\/11\/20171109_095518-300x169.jpg\" alt=\"\" width=\"300\" height=\"169\" srcset=\"https:\/\/demos.uptitude.fr\/savviry1\/wp-content\/uploads\/2017\/11\/20171109_095518-300x169.jpg 300w, https:\/\/demos.uptitude.fr\/savviry1\/wp-content\/uploads\/2017\/11\/20171109_095518-1024x576.jpg 1024w, https:\/\/demos.uptitude.fr\/savviry1\/wp-content\/uploads\/2017\/11\/20171109_095518-768x432.jpg 768w, https:\/\/demos.uptitude.fr\/savviry1\/wp-content\/uploads\/2017\/11\/20171109_095518-1536x864.jpg 1536w, https:\/\/demos.uptitude.fr\/savviry1\/wp-content\/uploads\/2017\/11\/20171109_095518-2048x1152.jpg 2048w, https:\/\/demos.uptitude.fr\/savviry1\/wp-content\/uploads\/2017\/11\/20171109_095518-370x208.jpg 370w, https:\/\/demos.uptitude.fr\/savviry1\/wp-content\/uploads\/2017\/11\/20171109_095518-1170x658.jpg 1170w, https:\/\/demos.uptitude.fr\/savviry1\/wp-content\/uploads\/2017\/11\/20171109_095518-760x428.jpg 760w, https:\/\/demos.uptitude.fr\/savviry1\/wp-content\/uploads\/2017\/11\/20171109_095518-407x229.jpg 407w, https:\/\/demos.uptitude.fr\/savviry1\/wp-content\/uploads\/2017\/11\/20171109_095518-270x152.jpg 270w\" sizes=\"(max-width: 300px) 100vw, 300px\" \/><\/p>\n<p>Les travaux de r\u00e9novation de l&rsquo;\u00e9tanch\u00e9it\u00e9 de la toiture et la reprise des fers \u00e0 b\u00e9ton ont commenc\u00e9 \u00e0 l&rsquo;\u00e9glise ND d&rsquo;Ep\u00e9rance, quartier de\u00a0 Grandvaux \u00e0 Savigny.<\/p>\n<p><strong>Une souscription est lanc\u00e9e pour aider au financement !<\/strong><\/p>\n<p>ND d&rsquo;Esp\u00e9rance est entour\u00e9e d&rsquo;\u00e9chafaudages pour permettre les travaux sur les fa\u00e7ades et le toit.<\/p>\n<p>Ces travaux sont importants car ils\u00a0permettront d\u2019emp\u00eacher les\u00a0\u00a0infiltrations qui \u00e9taient apparues au fil des ans mettant en danger l&rsquo;\u00e9difice.\u00a0Par ailleurs l&rsquo;inspection des murs et la reprise des fers \u00e0 b\u00e9ton et des \u00e9clats dus au gel et autres intemp\u00e9ries permettront une consolidation du b\u00e2timent.<\/p>\n<p>&nbsp;<\/p>\n<p><strong>Le co\u00fb<\/strong>t total des travaux est de <strong>220 000\u20ac<\/strong> enti\u00e8rement financ\u00e9 par le <strong>Dioc\u00e8se d&rsquo;Evry &#8211; Corbeil-Essonnes\u00a0<\/strong><\/p>\n<p>avec l&rsquo;aide des <strong>Chantier du Cardinal<\/strong> \u00e0 hauteur de\u00a0<b>170\u00a0000\u20ac (soit le co\u00fbt\u00a0de la r\u00e9novation de la toiture).<\/b><\/p>\n<p>Pour aider le dioc\u00e8se \u00e0 <strong>financer les 50 000\u20ac\u00a0<\/strong>restant, une souscription est lanc\u00e9e :<\/p>\n<p><strong>\u00ab\u00a0<span style=\"color: #0000ff;\"><em>20\u20ac pour 1 m\u00e8tre carr\u00e9 de b\u00e9ton !<\/em> <\/span>\u00a0\u00bb <\/strong>la paroisse souhaite apport\u00e9e 17 000\u20ac, \u00e9quivalent \u00e0 850 m2 . Ch\u00e8que libell\u00e9 \u00e0 l&rsquo;ordre de<strong> ADECE\u00a0<\/strong>en indiquant <strong>au dos du Ch\u00e8que :\u00a0 \u00a0\u00bb<\/strong><span style=\"color: #ff0000;\"><em><strong>souscription 2017- 2018 &#8211; travaux Savigny sur Orge\u00a0\u00bb<\/strong> <span style=\"color: #000000;\">\u00e0 envoyer \u00e0 Paroisse de Savigny sur Orge, Maison Bonne Nouvelle, 3 rue Joliot Curie 91600 Savigny\u00a0<\/span><\/em><\/span><\/p>\n<p><span style=\"background-color: #99ccff;\"><strong><a style=\"background-color: #99ccff;\" href=\"http:\/\/www.savigny-viry-catholique.fr\/Download\/doc\/Souscription-2017.pdf\" target=\"_blank\" rel=\"noopener\"><span style=\"color: #ff0000;\"><span style=\"color: #000000;\">T\u00e9l\u00e9charger le<\/span><span style=\"color: #000000;\">\u00a0formulaire de souscription\u00a0 ici :<\/span><\/span><\/a><\/strong><\/span><\/p>\n<p><span style=\"color: #0000ff;\"><strong><span style=\"font-size: 16px;\">Au 26 mars 2018 , 90% de la surface \u00e0 couvrir est financ\u00e9e !<\/span><img decoding=\"async\" class=\"size-medium wp-image-1435 alignright\" src=\"http:\/\/www.savigny-viry-catholique.fr\/wp-content\/uploads\/2018\/03\/Image-etatsouscr-2018-03-26-219x300.jpg\" alt=\"\" width=\"219\" height=\"300\" \/><\/strong><\/span><\/p>\n<p>Merci \u00e0 tous les donateurs !<\/p>\n<p>Mais il reste encore <strong>10% \u00e0 financer. <\/strong><\/p>\n<p><span style=\"color: #ff6600;\"><em><strong>Rappel :Tous les dons sont d\u00e9ductibles des imp\u00f4ts \u00e0 hauteur de 66% , dans la limite de 20% du\u00a0 revenu imposable<\/strong><\/em><\/span><\/p>\n<p>&nbsp;<\/p>\n<p>Les travaux sont termin\u00e9s depuis f\u00e9vrier; ils sont suivi par l&rsquo;Association locale\u00a0 Ste Th\u00e9r\u00e8se St Martin (ASTSM, charg\u00e9e de l&rsquo;entretien des locaux paroissiaux de Savigny\/Orge construits au XXeme si\u00e8cle apr\u00e8s la loi de 1905, de s\u00e9paration de l&rsquo;Eglise et de l&rsquo;Etat) en lien avec le service immobilier du Dioc\u00e8se.<\/p>\n<p>Il est important de rappeler que l&rsquo; Eglise et les paroisses ne re\u00e7oivent aucune subventions et que <strong>l&rsquo;ensemble des travaux d&rsquo;entretien, de mise aux normes etc&#8230;<\/strong> restent \u00e0 la charge des paroissiens et sont donc <strong>tributaires des dons<\/strong> et legs des pratiquants et sympathisants.<\/p>\n<p><span style=\"color: #0000ff;\"><strong><em>Merci par avance de r\u00e9pondre avec g\u00e9n\u00e9rosit\u00e9 aux appels concernant l&rsquo;aide aux financements de ces taches.<\/em><\/strong><\/span><\/p>\n<p>Durand la p\u00e9riode des travaux, l&rsquo;\u00e9glise ND d&rsquo;Esp\u00e9rance reste accessible pour les c\u00e9l\u00e9brations et les r\u00e9unions du samedi.<\/p>\n<p>Voir les photos :\u00a0<a href=\"http:\/\/www.savigny-viry-catholique.fr\/photos\/\">http:\/\/www.savigny-viry-catholique.fr\/photos\/<\/a><\/p>\n","protected":false},"excerpt":{"rendered":"<p>Aidez le dioc\u00e8se qui supporte nos travaux, a sauver notre \u00e9glise. Participer \u00e0 la souscription.\u00a0 Fiche donateur cliquer ici &nbsp; Les travaux de r\u00e9novation de l&rsquo;\u00e9tanch\u00e9it\u00e9 de la toiture et la reprise des fers \u00e0 b\u00e9ton ont commenc\u00e9 \u00e0&hellip;<\/p>\n","protected":false},"author":990003,"featured_media":1273,"comment_status":"closed","ping_status":"closed","sticky":false,"template":"","format":"standard","meta":{"give_campaign_id":0,"footnotes":""},"categories":[1],"tags":[],"class_list":["post-1185","post","type-post","status-publish","format-standard","has-post-thumbnail","hentry","category-uncategorized"],"_links":{"self":[{"href":"https:\/\/demos.uptitude.fr\/savviry1\/wp-json\/wp\/v2\/posts\/1185","targetHints":{"allow":["GET"]}}],"collection":[{"href":"https:\/\/demos.uptitude.fr\/savviry1\/wp-json\/wp\/v2\/posts"}],"about":[{"href":"https:\/\/demos.uptitude.fr\/savviry1\/wp-json\/wp\/v2\/types\/post"}],"author":[{"embeddable":true,"href":"https:\/\/demos.uptitude.fr\/savviry1\/wp-json\/wp\/v2\/users\/990003"}],"replies":[{"embeddable":true,"href":"https:\/\/demos.uptitude.fr\/savviry1\/wp-json\/wp\/v2\/comments?post=1185"}],"version-history":[{"count":0,"href":"https:\/\/demos.uptitude.fr\/savviry1\/wp-json\/wp\/v2\/posts\/1185\/revisions"}],"wp:featuredmedia":[{"embeddable":true,"href":"https:\/\/demos.uptitude.fr\/savviry1\/wp-json\/"}],"wp:attachment":[{"href":"https:\/\/demos.uptitude.fr\/savviry1\/wp-json\/wp\/v2\/media?parent=1185"}],"wp:term":[{"taxonomy":"category","embeddable":true,"href":"https:\/\/demos.uptitude.fr\/savviry1\/wp-json\/wp\/v2\/categories?post=1185"},{"taxonomy":"post_tag","embeddable":true,"href":"https:\/\/demos.uptitude.fr\/savviry1\/wp-json\/wp\/v2\/tags?post=1185"}],"curies":[{"name":"wp","href":"https:\/\/api.w.org\/{rel}","templated":true}]}}