{"id":1212,"date":"2017-12-02T17:41:31","date_gmt":"2017-12-02T17:41:31","guid":{"rendered":"http:\/\/www.savigny-viry-catholique.fr\/?p=1212"},"modified":"2017-12-02T17:41:31","modified_gmt":"2017-12-02T17:41:31","slug":"marche-vers-noel-veillee-de-lavent-vendredi-8-decembre","status":"publish","type":"post","link":"https:\/\/demos.uptitude.fr\/savviry1\/marche-vers-noel-veillee-de-lavent-vendredi-8-decembre\/","title":{"rendered":"\u00ab\u00a0En marche vers No\u00ebl\u00a0\u00bb veill\u00e9e de l&rsquo;Avent le vendredi 8 d\u00e9cembre"},"content":{"rendered":"<p>Veill\u00e9e de l\u2019Avent \u00e0 Savigny-Viry le 8 d\u00e9cembre.<\/p>\n<blockquote><p><em><strong>\u00ab En marche vers No\u00ebl \u00bb<\/strong><\/em><\/p><\/blockquote>\n<p>Avec l&rsquo;ensemble des paroissiens du secteur de Savigny-Viry, vous \u00eates invit\u00e9s \u00e0 participer \u00e0 la veill\u00e9e de pri\u00e8re, \u00e0 20h30 \u00e0 Notre Dame d\u2019Esp\u00e9rance \u00e0 Savigny\/Orge.<\/p>\n<p>Dans l\u2019attente d\u2019un Dieu qui s\u2019est fait homme\u2026<br \/>\nPrendre du temps pour m\u00e9diter sur les promesses contenues dans la naissance de J\u00e9sus.<br \/>\n<strong><em>\u00ab Il fallait que l\u2019homme soit d\u00e9j\u00e0 beau pour que Dieu se fasse homme \u00bb<\/em><\/strong><br \/>\nSur des textes de Jean DEBRUYNNE<br \/>\nAnimation : No\u00ebl CHOUX pr\u00eatre de la Mission de France avec le groupe\u00a0<span style=\"font-family: 'comic sans ms', sans-serif; font-size: 16px;\"><strong><img fetchpriority=\"high\" decoding=\"async\" class=\"alignnone size-medium wp-image-1204\" src=\"http:\/\/www.savigny-viry-catholique.fr\/wp-content\/uploads\/2017\/11\/Nomade-version-blanc-copie-300x237.jpg\" alt=\"\" width=\"300\" height=\"237\" \/><a href=\"http:\/\/www.nomade-adam.com\/\">http:\/\/www.nomade-adam.com\/<\/a><\/strong><\/span><\/p>\n","protected":false},"excerpt":{"rendered":"<p>Veill\u00e9e de l\u2019Avent \u00e0 Savigny-Viry le 8 d\u00e9cembre. \u00ab En marche vers No\u00ebl \u00bb Avec l&rsquo;ensemble des paroissiens du secteur de Savigny-Viry, vous \u00eates invit\u00e9s \u00e0 participer \u00e0 la veill\u00e9e de pri\u00e8re, \u00e0 20h30 \u00e0 Notre Dame d\u2019Esp\u00e9rance \u00e0&hellip;<\/p>\n","protected":false},"author":990003,"featured_media":1218,"comment_status":"closed","ping_status":"closed","sticky":false,"template":"","format":"standard","meta":{"give_campaign_id":0,"footnotes":""},"categories":[1],"tags":[],"class_list":["post-1212","post","type-post","status-publish","format-standard","has-post-thumbnail","hentry","category-uncategorized"],"_links":{"self":[{"href":"https:\/\/demos.uptitude.fr\/savviry1\/wp-json\/wp\/v2\/posts\/1212","targetHints":{"allow":["GET"]}}],"collection":[{"href":"https:\/\/demos.uptitude.fr\/savviry1\/wp-json\/wp\/v2\/posts"}],"about":[{"href":"https:\/\/demos.uptitude.fr\/savviry1\/wp-json\/wp\/v2\/types\/post"}],"author":[{"embeddable":true,"href":"https:\/\/demos.uptitude.fr\/savviry1\/wp-json\/wp\/v2\/users\/990003"}],"replies":[{"embeddable":true,"href":"https:\/\/demos.uptitude.fr\/savviry1\/wp-json\/wp\/v2\/comments?post=1212"}],"version-history":[{"count":0,"href":"https:\/\/demos.uptitude.fr\/savviry1\/wp-json\/wp\/v2\/posts\/1212\/revisions"}],"wp:featuredmedia":[{"embeddable":true,"href":"https:\/\/demos.uptitude.fr\/savviry1\/wp-json\/wp\/v2\/media\/1218"}],"wp:attachment":[{"href":"https:\/\/demos.uptitude.fr\/savviry1\/wp-json\/wp\/v2\/media?parent=1212"}],"wp:term":[{"taxonomy":"category","embeddable":true,"href":"https:\/\/demos.uptitude.fr\/savviry1\/wp-json\/wp\/v2\/categories?post=1212"},{"taxonomy":"post_tag","embeddable":true,"href":"https:\/\/demos.uptitude.fr\/savviry1\/wp-json\/wp\/v2\/tags?post=1212"}],"curies":[{"name":"wp","href":"https:\/\/api.w.org\/{rel}","templated":true}]}}