{"id":1231,"date":"2017-11-15T20:40:34","date_gmt":"2017-11-15T20:40:34","guid":{"rendered":"http:\/\/www.savigny-viry-catholique.fr\/?p=1231"},"modified":"2017-11-15T20:40:34","modified_gmt":"2017-11-15T20:40:34","slug":"savigny-journee-paroisse","status":"publish","type":"post","link":"https:\/\/demos.uptitude.fr\/savviry1\/savigny-journee-paroisse\/","title":{"rendered":"Savigny : \u00ab\u00a0Journ\u00e9e En Paroisse\u00a0\u00bb"},"content":{"rendered":"<p><img fetchpriority=\"high\" decoding=\"async\" class=\"alignnone size-medium wp-image-1229\" src=\"http:\/\/www.savigny-viry-catholique.fr\/wp-content\/uploads\/2017\/11\/J-E-P-1-212x300.jpg\" alt=\"\" width=\"212\" height=\"300\" \/><\/p>\n<p><strong>Ensemble construisons No\u00ebl<\/strong><\/p>\n<p>et tr\u00e8s concr\u00e8tement mettons nos talents en commun pour la cr\u00e8che de l&rsquo;\u00e9glise Sainte Th\u00e9r\u00e8se.<\/p>\n<p>Programme:<br \/>\n10h00 Accueil pour la cat\u00e9ch\u00e8se et l&rsquo;aum\u00f4nerie<br \/>\n10h30 D\u00e9p\u00f4t de vos pr\u00e9parations culinaires pour le d\u00e9jeuner partag\u00e9.<br \/>\n11h00 Messe des familles \u00e0 l&rsquo;\u00e9glise Sainte Th\u00e9r\u00e8se<br \/>\n12h15 Verre de l&rsquo;amiti\u00e9 repas partag\u00e9<br \/>\n14h00 Animations:<br \/>\n\u2022 R\u00e9alisation en atelier de la cr\u00e8che.<br \/>\n\u2022 Pour les adultes: atelier \u00abImages et Nativit\u00e9\u00bb.<br \/>\n16h00 Conclusion et rangement<\/p>\n","protected":false},"excerpt":{"rendered":"<p>Ensemble construisons No\u00ebl et tr\u00e8s concr\u00e8tement mettons nos talents en commun pour la cr\u00e8che de l&rsquo;\u00e9glise Sainte Th\u00e9r\u00e8se. Programme: 10h00 Accueil pour la cat\u00e9ch\u00e8se et l&rsquo;aum\u00f4nerie 10h30 D\u00e9p\u00f4t de vos pr\u00e9parations culinaires pour le d\u00e9jeuner partag\u00e9. 11h00 Messe des&hellip;<\/p>\n","protected":false},"author":990005,"featured_media":1225,"comment_status":"closed","ping_status":"closed","sticky":false,"template":"","format":"standard","meta":{"give_campaign_id":0,"footnotes":""},"categories":[1],"tags":[40,46],"class_list":["post-1231","post","type-post","status-publish","format-standard","has-post-thumbnail","hentry","category-uncategorized","tag-fete","tag-paroisse"],"_links":{"self":[{"href":"https:\/\/demos.uptitude.fr\/savviry1\/wp-json\/wp\/v2\/posts\/1231","targetHints":{"allow":["GET"]}}],"collection":[{"href":"https:\/\/demos.uptitude.fr\/savviry1\/wp-json\/wp\/v2\/posts"}],"about":[{"href":"https:\/\/demos.uptitude.fr\/savviry1\/wp-json\/wp\/v2\/types\/post"}],"author":[{"embeddable":true,"href":"https:\/\/demos.uptitude.fr\/savviry1\/wp-json\/wp\/v2\/users\/990005"}],"replies":[{"embeddable":true,"href":"https:\/\/demos.uptitude.fr\/savviry1\/wp-json\/wp\/v2\/comments?post=1231"}],"version-history":[{"count":0,"href":"https:\/\/demos.uptitude.fr\/savviry1\/wp-json\/wp\/v2\/posts\/1231\/revisions"}],"wp:featuredmedia":[{"embeddable":true,"href":"https:\/\/demos.uptitude.fr\/savviry1\/wp-json\/"}],"wp:attachment":[{"href":"https:\/\/demos.uptitude.fr\/savviry1\/wp-json\/wp\/v2\/media?parent=1231"}],"wp:term":[{"taxonomy":"category","embeddable":true,"href":"https:\/\/demos.uptitude.fr\/savviry1\/wp-json\/wp\/v2\/categories?post=1231"},{"taxonomy":"post_tag","embeddable":true,"href":"https:\/\/demos.uptitude.fr\/savviry1\/wp-json\/wp\/v2\/tags?post=1231"}],"curies":[{"name":"wp","href":"https:\/\/api.w.org\/{rel}","templated":true}]}}