{"id":1358,"date":"2018-01-09T10:54:46","date_gmt":"2018-01-09T10:54:46","guid":{"rendered":"http:\/\/www.savigny-viry-catholique.fr\/?p=1358"},"modified":"2018-01-09T10:54:46","modified_gmt":"2018-01-09T10:54:46","slug":"oecumenisme-semaine-de-priere-lunite-chretiens","status":"publish","type":"post","link":"https:\/\/demos.uptitude.fr\/savviry1\/oecumenisme-semaine-de-priere-lunite-chretiens\/","title":{"rendered":"\u0152cum\u00e9nisme &#8211; Semaine de pri\u00e8re pour l\u2019unit\u00e9 des chr\u00e9tiens"},"content":{"rendered":"<p>\u0152cum\u00e9nisme &#8211; Semaine de pri\u00e8re pour l\u2019unit\u00e9 des chr\u00e9tiens du 18 au 25 janvier 2018.<br \/>\nLes \u00c9glises des Cara\u00efbes ont pr\u00e9par\u00e9 le th\u00e8me de cette ann\u00e9e \u00e0 partir du cantique de Mo\u00efse et Myriam : \u00ab le Seigneur est\u00a0ma force et ma louange, il est mon lib\u00e9rateur. \u00bb (Ex 15, 1-21)<br \/>\nAfin de permettre \u00e0 un grand nombre de personnes de participer \u00e0 la semaine de pri\u00e8re pour l\u2019unit\u00e9 des chr\u00e9tiens, cette\u00a0ann\u00e9e il y aura plusieurs propositions de c\u00e9l\u00e9brations :<br \/>\nVendredi 19 janvier &#8211; 20h30 &#8211; \u00e9glise Notre-Dame de l\u2019Assomption, \u00e0 Soisy-sur-Seine<\/p>\n<p>ET :<\/p>\n<p><strong>Vendredi 26 janvier \u00e0\u00a020h30<\/strong><\/p>\n<p><span style=\"font-size: 16px;\"><strong>\u00e9glise Notre-Dame de Gr\u00e2ce, 86 avenue de Juvisy \u00e0 Morsang-sur-Orge.<\/strong><\/span><br \/>\n\u00e9glise baptiste des C\u00e8dres, 10 voie de Wissous \u00e0 Massy.<\/p>\n<p><a href=\"http:\/\/www.savigny-viry-catholique.fr\/Download\/doc\/unite-2018.pdf\" target=\"_blank\" rel=\"noopener\">Proposition de pri\u00e8re pour la semaine<\/a><\/p>\n","protected":false},"excerpt":{"rendered":"<p>\u0152cum\u00e9nisme &#8211; Semaine de pri\u00e8re pour l\u2019unit\u00e9 des chr\u00e9tiens du 18 au 25 janvier 2018. Les \u00c9glises des Cara\u00efbes ont pr\u00e9par\u00e9 le th\u00e8me de cette ann\u00e9e \u00e0 partir du cantique de Mo\u00efse et Myriam : \u00ab le Seigneur est\u00a0ma&hellip;<\/p>\n","protected":false},"author":990005,"featured_media":1359,"comment_status":"closed","ping_status":"closed","sticky":false,"template":"","format":"standard","meta":{"give_campaign_id":0,"footnotes":""},"categories":[1],"tags":[],"class_list":["post-1358","post","type-post","status-publish","format-standard","has-post-thumbnail","hentry","category-uncategorized"],"_links":{"self":[{"href":"https:\/\/demos.uptitude.fr\/savviry1\/wp-json\/wp\/v2\/posts\/1358","targetHints":{"allow":["GET"]}}],"collection":[{"href":"https:\/\/demos.uptitude.fr\/savviry1\/wp-json\/wp\/v2\/posts"}],"about":[{"href":"https:\/\/demos.uptitude.fr\/savviry1\/wp-json\/wp\/v2\/types\/post"}],"author":[{"embeddable":true,"href":"https:\/\/demos.uptitude.fr\/savviry1\/wp-json\/wp\/v2\/users\/990005"}],"replies":[{"embeddable":true,"href":"https:\/\/demos.uptitude.fr\/savviry1\/wp-json\/wp\/v2\/comments?post=1358"}],"version-history":[{"count":0,"href":"https:\/\/demos.uptitude.fr\/savviry1\/wp-json\/wp\/v2\/posts\/1358\/revisions"}],"wp:featuredmedia":[{"embeddable":true,"href":"https:\/\/demos.uptitude.fr\/savviry1\/wp-json\/"}],"wp:attachment":[{"href":"https:\/\/demos.uptitude.fr\/savviry1\/wp-json\/wp\/v2\/media?parent=1358"}],"wp:term":[{"taxonomy":"category","embeddable":true,"href":"https:\/\/demos.uptitude.fr\/savviry1\/wp-json\/wp\/v2\/categories?post=1358"},{"taxonomy":"post_tag","embeddable":true,"href":"https:\/\/demos.uptitude.fr\/savviry1\/wp-json\/wp\/v2\/tags?post=1358"}],"curies":[{"name":"wp","href":"https:\/\/api.w.org\/{rel}","templated":true}]}}