{"id":1371,"date":"2018-01-25T10:41:13","date_gmt":"2018-01-25T10:41:13","guid":{"rendered":"http:\/\/www.savigny-viry-catholique.fr\/?p=1371"},"modified":"2018-01-25T10:41:13","modified_gmt":"2018-01-25T10:41:13","slug":"journee-mondiale-malades-sacrement-malades","status":"publish","type":"post","link":"https:\/\/demos.uptitude.fr\/savviry1\/journee-mondiale-malades-sacrement-malades\/","title":{"rendered":"Journ\u00e9e mondiale des malades &#8211; Sacrement des malades"},"content":{"rendered":"<p><strong>Dimanche 11 f\u00e9vrier 2018<\/strong> (f\u00eate de N.D. de Lourdes)<br \/>\nLa maladie et la souffrance peuvent parfois bouleverser nos vies ou celles de nos proches: pour nous encourager \u00e0 donner de notre temps, soutenir les malades, \u00eatre attentif \u00e0 leurs besoins, une journ\u00e9e mondiale des malades, cr\u00e9\u00e9e en 1992 par le Pape Jean-Paul II, est c\u00e9l\u00e9br\u00e9e chaque ann\u00e9e, le 11 f\u00e9vrier, jour de la f\u00eate de Notre-Dame de Lourdes, (ou selon les dispositions locales un dimanche proche).<\/p>\n<p><img fetchpriority=\"high\" decoding=\"async\" class=\"alignleft wp-image-1369 size-full\" src=\"http:\/\/www.savigny-viry-catholique.fr\/wp-content\/uploads\/2018\/01\/sacrements-onction-2.png\" alt=\"\" width=\"260\" height=\"260\" \/><\/p>\n<p>Sur notre secteur, le sacrement sera donn\u00e9 au cours des messes dominicales des <em><strong>samedi 10 f\u00e9vrier \u00e0 18h Notre Dame d\u2019Esp\u00e9rance (Savigny sur Orge)<\/strong><\/em> et<em><strong> dimanche 11 f\u00e9vrier \u00e0 9h30 \u00e9glise Ste Bernadette (Viry-Ch\u00e2tillon).<\/strong><\/em>Pour recevoir ce sacrement, il est absolument <span style=\"color: #0000ff;\"><strong>n\u00e9cessaire de le demander consciemment<\/strong><\/span> et apr\u00e8s y avoir r\u00e9fl\u00e9chi.<\/p>\n<p>Par ailleurs la paroisse se doit d\u2019en garder une trace, c\u2019est pourquoi <strong><span style=\"color: #0000ff;\">il est n\u00e9cessaire de rendre<\/span><\/strong> (aux accueils, ou aux accueils des messes) <span style=\"color: #0000ff;\"><strong>le tract que vous trouverez dans les \u00e9glises et \u00e0 l\u2019accueil.<\/strong><\/span><br \/>\nSi vous ne pouvez pas vous associer \u00e0 cette date, mais que vous souhaitez recevoir ce sacrement faites nous en part \u00e0 l\u2019aide du m\u00eame document.<\/p>\n","protected":false},"excerpt":{"rendered":"<p>Dimanche 11 f\u00e9vrier 2018 (f\u00eate de N.D. de Lourdes) La maladie et la souffrance peuvent parfois bouleverser nos vies ou celles de nos proches: pour nous encourager \u00e0 donner de notre temps, soutenir les malades, \u00eatre attentif \u00e0 leurs&hellip;<\/p>\n","protected":false},"author":990003,"featured_media":1369,"comment_status":"closed","ping_status":"closed","sticky":false,"template":"","format":"standard","meta":{"give_campaign_id":0,"footnotes":""},"categories":[1],"tags":[],"class_list":["post-1371","post","type-post","status-publish","format-standard","has-post-thumbnail","hentry","category-uncategorized"],"_links":{"self":[{"href":"https:\/\/demos.uptitude.fr\/savviry1\/wp-json\/wp\/v2\/posts\/1371","targetHints":{"allow":["GET"]}}],"collection":[{"href":"https:\/\/demos.uptitude.fr\/savviry1\/wp-json\/wp\/v2\/posts"}],"about":[{"href":"https:\/\/demos.uptitude.fr\/savviry1\/wp-json\/wp\/v2\/types\/post"}],"author":[{"embeddable":true,"href":"https:\/\/demos.uptitude.fr\/savviry1\/wp-json\/wp\/v2\/users\/990003"}],"replies":[{"embeddable":true,"href":"https:\/\/demos.uptitude.fr\/savviry1\/wp-json\/wp\/v2\/comments?post=1371"}],"version-history":[{"count":0,"href":"https:\/\/demos.uptitude.fr\/savviry1\/wp-json\/wp\/v2\/posts\/1371\/revisions"}],"wp:featuredmedia":[{"embeddable":true,"href":"https:\/\/demos.uptitude.fr\/savviry1\/wp-json\/"}],"wp:attachment":[{"href":"https:\/\/demos.uptitude.fr\/savviry1\/wp-json\/wp\/v2\/media?parent=1371"}],"wp:term":[{"taxonomy":"category","embeddable":true,"href":"https:\/\/demos.uptitude.fr\/savviry1\/wp-json\/wp\/v2\/categories?post=1371"},{"taxonomy":"post_tag","embeddable":true,"href":"https:\/\/demos.uptitude.fr\/savviry1\/wp-json\/wp\/v2\/tags?post=1371"}],"curies":[{"name":"wp","href":"https:\/\/api.w.org\/{rel}","templated":true}]}}