{"id":1381,"date":"2020-02-04T18:12:11","date_gmt":"2020-02-04T18:12:11","guid":{"rendered":"http:\/\/www.savigny-viry-catholique.fr\/?p=1381"},"modified":"2020-02-04T18:12:11","modified_gmt":"2020-02-04T18:12:11","slug":"careme-un-temps-pour","status":"publish","type":"post","link":"https:\/\/demos.uptitude.fr\/savviry1\/careme-un-temps-pour\/","title":{"rendered":"Car\u00eame &#8230; un temps pour &#8230;"},"content":{"rendered":"<h3><span style=\"color: #ff0000; background-color: #ffff00;\"><strong><span style=\"font-size: 16px; background-color: #ffff00;\">Compte tenu des circonstances sanitaires.<\/span><\/strong><\/span><\/h3>\n<h1><span style=\"color: #ff0000; background-color: #ffff00;\"><strong><span style=\"font-size: 16px; background-color: #ffff00;\">Attention annulation de nombreuses activit\u00e9s<\/span><\/strong><\/span><\/h1>\n<p><strong><span style=\"font-size: 16px;\">D\u00e8s le mercredi 26 f\u00e9vrier&nbsp; <\/span><\/strong><span style=\"font-size: 20px; background-color: #333399; color: #ffffff;\">(Mercredi des cendres )<\/span><\/p>\n<p><strong>Les chr\u00e9tiens vivent le Car\u00eame&nbsp;<\/strong>T\u00e9l\u00e9chargez d\u00e8s \u00e0 pr\u00e9sent <a href=\"http:\/\/www.savigny-viry-catholique.fr\/Download\/doc\/Careme.pdf\" target=\"_blank\" rel=\"noopener noreferrer\" data-wplink-edit=\"true\">ICI le programme<\/a>.<\/p>\n\n\n<p><\/p>\n\n\n","protected":false},"excerpt":{"rendered":"<p>Compte tenu des circonstances sanitaires. Attention annulation de nombreuses activit\u00e9s D\u00e8s le mercredi 26 f\u00e9vrier&nbsp; (Mercredi des cendres ) Les chr\u00e9tiens vivent le Car\u00eame&nbsp;T\u00e9l\u00e9chargez d\u00e8s \u00e0 pr\u00e9sent ICI le programme.<\/p>\n","protected":false},"author":990005,"featured_media":2321,"comment_status":"closed","ping_status":"closed","sticky":false,"template":"","format":"standard","meta":{"give_campaign_id":0,"footnotes":""},"categories":[35,36,37,38],"tags":[41,43],"class_list":["post-1381","post","type-post","status-publish","format-standard","has-post-thumbnail","hentry","category-conference","category-fete-rassemblement","category-horaires","category-officiel","tag-horaires","tag-messe"],"_links":{"self":[{"href":"https:\/\/demos.uptitude.fr\/savviry1\/wp-json\/wp\/v2\/posts\/1381","targetHints":{"allow":["GET"]}}],"collection":[{"href":"https:\/\/demos.uptitude.fr\/savviry1\/wp-json\/wp\/v2\/posts"}],"about":[{"href":"https:\/\/demos.uptitude.fr\/savviry1\/wp-json\/wp\/v2\/types\/post"}],"author":[{"embeddable":true,"href":"https:\/\/demos.uptitude.fr\/savviry1\/wp-json\/wp\/v2\/users\/990005"}],"replies":[{"embeddable":true,"href":"https:\/\/demos.uptitude.fr\/savviry1\/wp-json\/wp\/v2\/comments?post=1381"}],"version-history":[{"count":0,"href":"https:\/\/demos.uptitude.fr\/savviry1\/wp-json\/wp\/v2\/posts\/1381\/revisions"}],"wp:featuredmedia":[{"embeddable":true,"href":"https:\/\/demos.uptitude.fr\/savviry1\/wp-json\/"}],"wp:attachment":[{"href":"https:\/\/demos.uptitude.fr\/savviry1\/wp-json\/wp\/v2\/media?parent=1381"}],"wp:term":[{"taxonomy":"category","embeddable":true,"href":"https:\/\/demos.uptitude.fr\/savviry1\/wp-json\/wp\/v2\/categories?post=1381"},{"taxonomy":"post_tag","embeddable":true,"href":"https:\/\/demos.uptitude.fr\/savviry1\/wp-json\/wp\/v2\/tags?post=1381"}],"curies":[{"name":"wp","href":"https:\/\/api.w.org\/{rel}","templated":true}]}}