{"id":1397,"date":"2018-03-15T13:48:06","date_gmt":"2018-03-15T13:48:06","guid":{"rendered":"http:\/\/www.savigny-viry-catholique.fr\/?p=1397"},"modified":"2018-03-15T13:48:06","modified_gmt":"2018-03-15T13:48:06","slug":"etats-generaux-de-bioethique-monde-voulons-demain","status":"publish","type":"post","link":"https:\/\/demos.uptitude.fr\/savviry1\/etats-generaux-de-bioethique-monde-voulons-demain\/","title":{"rendered":"\u00c9tats g\u00e9n\u00e9raux de la bio\u00e9thique\u00a0:  quel monde voulons-nous pour demain\u00a0?"},"content":{"rendered":"<div class=\"body\" style=\"font-size: 100.01%; font-family: 'Trebuchet MS', Tahoma, Arial, sans-serif; color: #ccc; text-align: center; background-color: #fafafa;\">\n<div class=\"conteneur\" style=\"width: 600px; background: #fff; color: #000; text-align: left; margin: 0px auto; border: #dddddd 1px solid; padding: 0px 15px 15px 15px;\">\n<div class=\"cadreTexte\" style=\"margin-bottom: 2em; font-size: 1.2em; border-bottom: #cc0000 1px solid; text-align: justify; margin-top: 0px; padding: 0px 1.5em 0.7em 1.5em;\">\n<p><span style=\"color: #0000ff;\"><strong>L\u2019\u00c9glise catholique entend prendre sa place et r\u00e9pondre.<span style=\"color: #000000;\">Tous, sommes invit\u00e9s \u00e0 prendre part au d\u00e9bat.<\/span><\/strong><\/span><\/p>\n<p>Depuis le 18 janvier, les d\u00e9bats des \u00c9tats g\u00e9n\u00e9raux de la bio\u00e9thique ont commenc\u00e9. Leur objectif est simple\u00a0: permettre \u00e0 tout citoyen de s\u2019\u00e9clairer sur les avanc\u00e9es scientifiques et techniques concernant la bio\u00e9thique, se forger un avis et l\u2019exprimer. Ces expressions devront ainsi \u00e9clairer les responsables politiques qui porteront la r\u00e9vision de la loi \u00e0 la fin de l\u2019<\/p>\n<p><span style=\"color: #000000;\"><img fetchpriority=\"high\" decoding=\"async\" class=\"alignright wp-image-1395 size-medium\" src=\"http:\/\/www.savigny-viry-catholique.fr\/wp-content\/uploads\/2018\/02\/etats-generaux-bioethique-300x199.jpg\" alt=\"\" width=\"300\" height=\"199\" \/><\/span>ann\u00e9e 2018. Si l\u2019objectif est simple, les enjeux sont complexes et graves. C\u2019est pourquoi, tous sont invit\u00e9s \u00e0 participer \u00e0 ces d\u00e9bats par le dialogue afin de rechercher les voies les plus justes. <span style=\"color: #0000ff;\"><strong>L\u2019\u00c9glise catholique entend prendre sa place et r\u00e9pondre,<\/strong><\/span> elle aussi, \u00e0 la question de fond que ces \u00c9tats g\u00e9n\u00e9raux nous posent\u00a0: quel monde voulons-nous pour demain\u00a0? <br class=\"autobr\" \/><a href=\"http:\/\/2yp8.mj.am\/lnk\/ADwAKLciTVEAAT8Jx84AAAAABzsAAAAAACMAAAAkAANFwwBagdetRuILnSV9RPCCdH5D29hJVwADIgs\/7\/mV8o1nmn5e93ejBUkTBczQ\/aHR0cHM6Ly9ldnJ5LmNhdGhvbGlxdWUuZnIvSU1HL3BkZi8yMDE4LTAyLTA3X0VHQl9EZWNsYXJhdGlvbi1DRUYucGRm\"><i>T\u00e9l\u00e9charger le communiqu\u00e9 de presse<\/i><\/a> de la CEF.<br class=\"autobr\" \/>Pour participer, retrouvez tous les renseignements sur l<a class=\"spip_out\" href=\"http:\/\/2yp8.mj.am\/lnk\/ADwAKLciTVEAAT8Jx84AAAAABzsAAAAAACMAAAAkAANFwwBagdetRuILnSV9RPCCdH5D29hJVwADIgs\/8\/Ql2RGkpx36DoghkRdvRlaA\/aHR0cHM6Ly9ldGF0c2dlbmVyYXV4ZGVsYWJpb2V0aGlxdWUuZnIv\" rel=\"external\"><i>e site des \u00c9tats G\u00e9n\u00e9raux de la Bio\u00e9thique<\/i><\/a>.<br class=\"autobr\" \/>Pour information, un colloque aura lieu en juin au G\u00e9nopole d\u2019\u00c9vry.<\/p>\n<\/div>\n<\/div>\n<\/div>\n","protected":false},"excerpt":{"rendered":"<p>L\u2019\u00c9glise catholique entend prendre sa place et r\u00e9pondre.Tous, sommes invit\u00e9s \u00e0 prendre part au d\u00e9bat. Depuis le 18 janvier, les d\u00e9bats des \u00c9tats g\u00e9n\u00e9raux de la bio\u00e9thique ont commenc\u00e9. Leur objectif est simple\u00a0: permettre \u00e0 tout citoyen de s\u2019\u00e9clairer&hellip;<\/p>\n","protected":false},"author":990003,"featured_media":1399,"comment_status":"closed","ping_status":"closed","sticky":false,"template":"","format":"standard","meta":{"give_campaign_id":0,"footnotes":""},"categories":[1],"tags":[],"class_list":["post-1397","post","type-post","status-publish","format-standard","has-post-thumbnail","hentry","category-uncategorized"],"_links":{"self":[{"href":"https:\/\/demos.uptitude.fr\/savviry1\/wp-json\/wp\/v2\/posts\/1397","targetHints":{"allow":["GET"]}}],"collection":[{"href":"https:\/\/demos.uptitude.fr\/savviry1\/wp-json\/wp\/v2\/posts"}],"about":[{"href":"https:\/\/demos.uptitude.fr\/savviry1\/wp-json\/wp\/v2\/types\/post"}],"author":[{"embeddable":true,"href":"https:\/\/demos.uptitude.fr\/savviry1\/wp-json\/wp\/v2\/users\/990003"}],"replies":[{"embeddable":true,"href":"https:\/\/demos.uptitude.fr\/savviry1\/wp-json\/wp\/v2\/comments?post=1397"}],"version-history":[{"count":0,"href":"https:\/\/demos.uptitude.fr\/savviry1\/wp-json\/wp\/v2\/posts\/1397\/revisions"}],"wp:featuredmedia":[{"embeddable":true,"href":"https:\/\/demos.uptitude.fr\/savviry1\/wp-json\/"}],"wp:attachment":[{"href":"https:\/\/demos.uptitude.fr\/savviry1\/wp-json\/wp\/v2\/media?parent=1397"}],"wp:term":[{"taxonomy":"category","embeddable":true,"href":"https:\/\/demos.uptitude.fr\/savviry1\/wp-json\/wp\/v2\/categories?post=1397"},{"taxonomy":"post_tag","embeddable":true,"href":"https:\/\/demos.uptitude.fr\/savviry1\/wp-json\/wp\/v2\/tags?post=1397"}],"curies":[{"name":"wp","href":"https:\/\/api.w.org\/{rel}","templated":true}]}}