{"id":1425,"date":"2018-02-14T10:53:58","date_gmt":"2018-02-14T10:53:58","guid":{"rendered":"http:\/\/www.savigny-viry-catholique.fr\/?p=1425"},"modified":"2018-02-14T10:53:58","modified_gmt":"2018-02-14T10:53:58","slug":"les-rameaux-la-semaine-sainte","status":"publish","type":"post","link":"https:\/\/demos.uptitude.fr\/savviry1\/les-rameaux-la-semaine-sainte\/","title":{"rendered":"Les Rameaux  &#8211; La Semaine Sainte"},"content":{"rendered":"<p><span style=\"font-family: 'arial black', sans-serif; font-size: 20px;\">Samedi 24 et Dimanche 25\u00a0Mars<br \/>\nc&rsquo;est le \u00ab\u00a0Dimanche des rameaux et de la passion\u00a0\u00bb<\/span><\/p>\n<p>Pour les chr\u00e9tiens c&rsquo;est l&rsquo;ouverture de la \u00ab\u00a0semaine sainte\u00a0\u00bb<\/p>\n<p>T\u00e9l\u00e9chargez d\u00e8s \u00e0 pr\u00e9sent <a href=\"http:\/\/www.savigny-viry-catholique.fr\/Download\/doc\/Semaine_Sainte.pdf\" target=\"_blank\" rel=\"noopener\">ICI le programme<\/a>.<\/p>\n<p>Du 25 mars au 1<sup>er<\/sup>\u00a0avril 2018, l\u2019\u00c9glise c\u00e9l\u00e8bre l\u2019entr\u00e9e triomphale du Christ dans J\u00e9rusalem, l&rsquo;instauration du service et de son dernier repas (Jeudi Saint), sa Passion, sa mort (Vendredi Saint) et sa R\u00e9surrection au cours des c\u00e9l\u00e9brations (la vigile de P\u00e2ques -dans la nuit du samedi 31 mars au dimanche 1<sup>er<\/sup>\u00a0avril-) et P\u00e2ques : la f\u00eate de la R\u00e9surrection (1<sup>er<\/sup>\u00a0Avril)<\/p>\n<hr \/>\n<p><span class=\"spip_document_10094 spip_documents spip_documents_left\"><img fetchpriority=\"high\" decoding=\"async\" class=\"alignright\" src=\"https:\/\/catholique-evry.cef.fr\/local\/cache-vignettes\/L283xH188\/rameaux-835b5.jpg?1457626951\" alt=\"\" width=\"283\" height=\"188\" \/><\/span><\/p>\n<h3 class=\"spip\">Dimanche des Rameaux\u00a0dimanche 25 mars<\/h3>\n<p>Le dimanche qui pr\u00e9c\u00e8de la f\u00eate de P\u00e2ques, appel\u00e9\u00a0<i>\u00ab\u00a0dimanche des Rameaux et de la Passion\u00a0\u00bb<\/i>, l\u2019\u00c9glise c\u00e9l\u00e8bre solennellement, avant la messe, l\u2019entr\u00e9e messianique du Seigneur \u00e0 J\u00e9rusalem, telle que les quatre \u00e9vangiles la rapportent\u00a0:\u00a0<i>\u00ab\u00a0La foule nombreuse venue pour la f\u00eate apprit que J\u00e9sus venait \u00e0 J\u00e9rusalem\u00a0; ils prirent les rameaux des palmiers et sortirent \u00e0 sa rencontre et ils criaient\u00a0: Hosanna\u00a0! B\u00e9ni soit celui qui vient au nom du Seigneur\u00a0\u00bb<\/i>\u00a0(Jn 12, 12-13).<\/p>\n<p>C\u2019est en m\u00e9moire de l\u2019entr\u00e9e triomphale du Christ dans J\u00e9rusalem que les catholiques portent des rameaux de buis, oliviers, lauriers ou palmiers, selon les r\u00e9gions.<br \/>\nCes rameaux, une fois b\u00e9nis, sont tenus en main par les fid\u00e8les qui se mettent en marche, en procession\u00a0: marche vers P\u00e2ques du peuple de Dieu \u00e0 la suite du Christ.<\/p>\n<p>Voir la vid\u00e9o ici :\u00a0<a href=\"https:\/\/www.dailymotion.com\/video\/x6gvjey\">https:\/\/www.dailymotion.com\/video\/x6gvjey<\/a><\/p>\n","protected":false},"excerpt":{"rendered":"<p>Samedi 24 et Dimanche 25\u00a0Mars c&rsquo;est le \u00ab\u00a0Dimanche des rameaux et de la passion\u00a0\u00bb Pour les chr\u00e9tiens c&rsquo;est l&rsquo;ouverture de la \u00ab\u00a0semaine sainte\u00a0\u00bb T\u00e9l\u00e9chargez d\u00e8s \u00e0 pr\u00e9sent ICI le programme. Du 25 mars au 1er\u00a0avril 2018, l\u2019\u00c9glise c\u00e9l\u00e8bre l\u2019entr\u00e9e&hellip;<\/p>\n","protected":false},"author":990005,"featured_media":1426,"comment_status":"closed","ping_status":"closed","sticky":false,"template":"","format":"standard","meta":{"give_campaign_id":0,"footnotes":""},"categories":[37],"tags":[40,41,43,45],"class_list":["post-1425","post","type-post","status-publish","format-standard","has-post-thumbnail","hentry","category-horaires","tag-fete","tag-horaires","tag-messe","tag-paques"],"_links":{"self":[{"href":"https:\/\/demos.uptitude.fr\/savviry1\/wp-json\/wp\/v2\/posts\/1425","targetHints":{"allow":["GET"]}}],"collection":[{"href":"https:\/\/demos.uptitude.fr\/savviry1\/wp-json\/wp\/v2\/posts"}],"about":[{"href":"https:\/\/demos.uptitude.fr\/savviry1\/wp-json\/wp\/v2\/types\/post"}],"author":[{"embeddable":true,"href":"https:\/\/demos.uptitude.fr\/savviry1\/wp-json\/wp\/v2\/users\/990005"}],"replies":[{"embeddable":true,"href":"https:\/\/demos.uptitude.fr\/savviry1\/wp-json\/wp\/v2\/comments?post=1425"}],"version-history":[{"count":0,"href":"https:\/\/demos.uptitude.fr\/savviry1\/wp-json\/wp\/v2\/posts\/1425\/revisions"}],"wp:featuredmedia":[{"embeddable":true,"href":"https:\/\/demos.uptitude.fr\/savviry1\/wp-json\/"}],"wp:attachment":[{"href":"https:\/\/demos.uptitude.fr\/savviry1\/wp-json\/wp\/v2\/media?parent=1425"}],"wp:term":[{"taxonomy":"category","embeddable":true,"href":"https:\/\/demos.uptitude.fr\/savviry1\/wp-json\/wp\/v2\/categories?post=1425"},{"taxonomy":"post_tag","embeddable":true,"href":"https:\/\/demos.uptitude.fr\/savviry1\/wp-json\/wp\/v2\/tags?post=1425"}],"curies":[{"name":"wp","href":"https:\/\/api.w.org\/{rel}","templated":true}]}}