{"id":1448,"date":"2018-03-13T10:00:59","date_gmt":"2018-03-13T10:00:59","guid":{"rendered":"http:\/\/www.savigny-viry-catholique.fr\/?p=1448"},"modified":"2018-03-13T10:00:59","modified_gmt":"2018-03-13T10:00:59","slug":"dimanche-8-avril-pelerinage-de-secteur","status":"publish","type":"post","link":"https:\/\/demos.uptitude.fr\/savviry1\/dimanche-8-avril-pelerinage-de-secteur\/","title":{"rendered":"Dimanche 8 avril &#8211; p\u00e8lerinage de Secteur"},"content":{"rendered":"<p><strong>Le p\u00e8lerinage annuel du secteur\u00a0: dimanche 08 avril 2018<\/strong><\/p>\n<p><strong>\u00ab\u00a0\u00e0 la rencontre de Saint Corbinien\u00a0\u00bb<\/strong> (patron de notre dioc\u00e8se)<\/p>\n<p><strong>Vous \u00eates tous invit\u00e9s\u00a0: seul, en groupe, en famille, <u>mineurs (accompagn\u00e9s)<\/u><\/strong><\/p>\n<ul>\n<li>A 10 heures\u00a0: Rendez-vous sur le terrain paroissial de Linas, chacun s\u2019y rendant par ses propres moyens (2 rue Montvinet, 91310 Linas).<\/li>\n<li>De 10 heures \u00e0 12 heures\u00a0: Activit\u00e9s pour enfants, ados, adultes.<\/li>\n<li>A 12 heures\u00a0: Ap\u00e9ro et repas (tir\u00e9 du sac) dans la salle et le jardin du presbyt\u00e8re (nous avons command\u00e9 le soleil)<\/li>\n<li>De 13 h 30 \u00e0 16 heures\u00a0: Marche de 6 km, de Linas \u00e0 saint Germain L\u00e8s Arpajon, avec une \u00ab\u00a0halte spirituelle\u00a0\u00bb \u00e0 mi-parcours. (Pri\u00e8re, chant, lecture, partage)<\/li>\n<li>De 16 h \u00e0 16 heures 30\u00a0: Arriv\u00e9e progressive des marcheurs, r\u00e9p\u00e9tition des chants.<\/li>\n<li>A 16h30\u00a0: Messe \u00e0 Saint-Germain l\u00e8s Arpajon anim\u00e9e par le Cercle Saint Gabriel et promulgation du nouveau Projet Pastoral de Secteur.<\/li>\n<li>De 17h30 \u00e0 18h\u00a0: Fin de journ\u00e9e.<\/li>\n<\/ul>\n<p><strong>Attention pas d\u2019autres messes le dimanche 08 avril sur le secteur.<\/strong><br \/>\nmesses habituelles le samedi soir pour ceux qui ne peuvent se joindre \u00e0 l&rsquo;\u00e9v\u00e8nement.<\/p>\n","protected":false},"excerpt":{"rendered":"<p>Le p\u00e8lerinage annuel du secteur\u00a0: dimanche 08 avril 2018 \u00ab\u00a0\u00e0 la rencontre de Saint Corbinien\u00a0\u00bb (patron de notre dioc\u00e8se) Vous \u00eates tous invit\u00e9s\u00a0: seul, en groupe, en famille, mineurs (accompagn\u00e9s) A 10 heures\u00a0: Rendez-vous sur le terrain paroissial de&hellip;<\/p>\n","protected":false},"author":990005,"featured_media":1449,"comment_status":"closed","ping_status":"closed","sticky":false,"template":"","format":"standard","meta":{"give_campaign_id":0,"footnotes":""},"categories":[37],"tags":[],"class_list":["post-1448","post","type-post","status-publish","format-standard","has-post-thumbnail","hentry","category-horaires"],"_links":{"self":[{"href":"https:\/\/demos.uptitude.fr\/savviry1\/wp-json\/wp\/v2\/posts\/1448","targetHints":{"allow":["GET"]}}],"collection":[{"href":"https:\/\/demos.uptitude.fr\/savviry1\/wp-json\/wp\/v2\/posts"}],"about":[{"href":"https:\/\/demos.uptitude.fr\/savviry1\/wp-json\/wp\/v2\/types\/post"}],"author":[{"embeddable":true,"href":"https:\/\/demos.uptitude.fr\/savviry1\/wp-json\/wp\/v2\/users\/990005"}],"replies":[{"embeddable":true,"href":"https:\/\/demos.uptitude.fr\/savviry1\/wp-json\/wp\/v2\/comments?post=1448"}],"version-history":[{"count":0,"href":"https:\/\/demos.uptitude.fr\/savviry1\/wp-json\/wp\/v2\/posts\/1448\/revisions"}],"wp:featuredmedia":[{"embeddable":true,"href":"https:\/\/demos.uptitude.fr\/savviry1\/wp-json\/"}],"wp:attachment":[{"href":"https:\/\/demos.uptitude.fr\/savviry1\/wp-json\/wp\/v2\/media?parent=1448"}],"wp:term":[{"taxonomy":"category","embeddable":true,"href":"https:\/\/demos.uptitude.fr\/savviry1\/wp-json\/wp\/v2\/categories?post=1448"},{"taxonomy":"post_tag","embeddable":true,"href":"https:\/\/demos.uptitude.fr\/savviry1\/wp-json\/wp\/v2\/tags?post=1448"}],"curies":[{"name":"wp","href":"https:\/\/api.w.org\/{rel}","templated":true}]}}