{"id":1451,"date":"2018-03-29T10:05:21","date_gmt":"2018-03-29T10:05:21","guid":{"rendered":"http:\/\/www.savigny-viry-catholique.fr\/?p=1451"},"modified":"2018-03-29T10:05:21","modified_gmt":"2018-03-29T10:05:21","slug":"10eme-veillee-de-priere-pour-la-vie","status":"publish","type":"post","link":"https:\/\/demos.uptitude.fr\/savviry1\/10eme-veillee-de-priere-pour-la-vie\/","title":{"rendered":"10\u00e8me Veill\u00e9e de pri\u00e8re pour\u00a0la vie"},"content":{"rendered":"<p><span style=\"font-size: 32px;\"><strong>10\u00e8me Veill\u00e9e de pri\u00e8re pour\u00a0la vie.<\/strong><\/span><\/p>\n<p>Notre Dame de Paris<\/p>\n<p><strong><span style=\"font-size: 20px;\">Le Mercredi 16 mai de 19h30 \u00e0 21h30<\/span><\/strong><br \/>\nAvec les \u00e9v\u00eaques d&rsquo;Ile de France<\/p>\n<p>&nbsp;<\/p>\n<p>Notre pays r\u00e9fl\u00e9chit intens\u00e9ment \u00e0 son avenir avec les \u00ab \u00c9tats G\u00e9n\u00e9raux de la bio\u00e9thique \u00bb. Chr\u00e9tiens, nous y prenons part et conduits par nos \u00e9v\u00eaques mercredi 16 mai, nous voulons remplir la mission qui nous revient : par l\u2019intercession, la louange, la pri\u00e8re pour qu\u2019au-del\u00e0 de la technique, la vie soit soutenue, respect\u00e9e, accompagn\u00e9e !<\/p>\n<p>&nbsp;<\/p>\n<p>R\u00e9pondons nombreux \u00e0 l\u2019invitation de :<br \/>\nMgr Michel Aupetit, archev\u00eaque de Paris.<br \/>\nMgr \u00c9ric Aumonier, \u00e9v\u00eaque de Versailles.<br \/>\nMgr Pascal Delannoy, \u00e9v\u00eaque de Saint-Denis.<br \/>\nMgr Stanislas Lalanne, \u00e9v\u00eaque de Pontoise.<br \/>\nMgr Jean-Yves Nahmias, \u00e9v\u00eaque de Meaux.<br \/>\nMgr Michel Santier, \u00e9v\u00eaque de Cr\u00e9teil.<br \/>\nMgr Michel Pansard, \u00e9v\u00eaque d\u2019\u00c9vry-Corbeil-Essonnes.<br \/>\nMgr Antoine de Romanet, \u00e9v\u00eaque aux Arm\u00e9es.<br \/>\nP. Hugues de Woillemont, administrateur de Nanterre.<\/p>\n","protected":false},"excerpt":{"rendered":"<p>10\u00e8me Veill\u00e9e de pri\u00e8re pour\u00a0la vie. Notre Dame de Paris Le Mercredi 16 mai de 19h30 \u00e0 21h30 Avec les \u00e9v\u00eaques d&rsquo;Ile de France &nbsp; Notre pays r\u00e9fl\u00e9chit intens\u00e9ment \u00e0 son avenir avec les \u00ab \u00c9tats G\u00e9n\u00e9raux de la&hellip;<\/p>\n","protected":false},"author":990005,"featured_media":1452,"comment_status":"closed","ping_status":"closed","sticky":false,"template":"","format":"standard","meta":{"give_campaign_id":0,"footnotes":""},"categories":[1],"tags":[],"class_list":["post-1451","post","type-post","status-publish","format-standard","has-post-thumbnail","hentry","category-uncategorized"],"_links":{"self":[{"href":"https:\/\/demos.uptitude.fr\/savviry1\/wp-json\/wp\/v2\/posts\/1451","targetHints":{"allow":["GET"]}}],"collection":[{"href":"https:\/\/demos.uptitude.fr\/savviry1\/wp-json\/wp\/v2\/posts"}],"about":[{"href":"https:\/\/demos.uptitude.fr\/savviry1\/wp-json\/wp\/v2\/types\/post"}],"author":[{"embeddable":true,"href":"https:\/\/demos.uptitude.fr\/savviry1\/wp-json\/wp\/v2\/users\/990005"}],"replies":[{"embeddable":true,"href":"https:\/\/demos.uptitude.fr\/savviry1\/wp-json\/wp\/v2\/comments?post=1451"}],"version-history":[{"count":0,"href":"https:\/\/demos.uptitude.fr\/savviry1\/wp-json\/wp\/v2\/posts\/1451\/revisions"}],"wp:featuredmedia":[{"embeddable":true,"href":"https:\/\/demos.uptitude.fr\/savviry1\/wp-json\/"}],"wp:attachment":[{"href":"https:\/\/demos.uptitude.fr\/savviry1\/wp-json\/wp\/v2\/media?parent=1451"}],"wp:term":[{"taxonomy":"category","embeddable":true,"href":"https:\/\/demos.uptitude.fr\/savviry1\/wp-json\/wp\/v2\/categories?post=1451"},{"taxonomy":"post_tag","embeddable":true,"href":"https:\/\/demos.uptitude.fr\/savviry1\/wp-json\/wp\/v2\/tags?post=1451"}],"curies":[{"name":"wp","href":"https:\/\/api.w.org\/{rel}","templated":true}]}}