{"id":1484,"date":"2018-05-02T11:21:07","date_gmt":"2018-05-02T11:21:07","guid":{"rendered":"http:\/\/www.savigny-viry-catholique.fr\/?p=1484"},"modified":"2018-05-02T11:21:07","modified_gmt":"2018-05-02T11:21:07","slug":"conference-debat-sur-la-fin-de-vie","status":"publish","type":"post","link":"https:\/\/demos.uptitude.fr\/savviry1\/conference-debat-sur-la-fin-de-vie\/","title":{"rendered":"Conf\u00e9rence d\u00e9bat sur la fin de Vie"},"content":{"rendered":"<p>&nbsp;<\/p>\n<p>Dans le contexte des \u00c9tats g\u00e9n\u00e9raux de la bio\u00e9thique<\/p>\n<p>Nous sommes heureux de vous informer que<\/p>\n<p><em>le dioc\u00e8se d\u2019\u00c9vry-Corbeil-Essonnes et la Communaut\u00e9 Mission de France <\/em><\/p>\n<p>vous invitent \u00e0\u00a0une conf\u00e9rence d\u00e9bat sur la fin de vie\u00a0<u>Mardi 5 juin 2018 \u00e0<\/u><u>20h30<\/u> \u2013 Salle de la <u>cath\u00e9drale d\u2019\u00c9vry<\/u>.<\/p>\n<p>,Avec la participation du <strong>Dr Sylvie Boulesteix,<\/strong> m\u00e9decin responsable de l\u2019\u00e9quipe mobile de soins palliatifs du Centre Hospitalier Sud-Francilien et du <strong>P\u00e8re Jean-Marie Onfray<\/strong>, th\u00e9ologien moraliste, directeur-adjoint du Service Famille et Soci\u00e9t\u00e9 de la Conf\u00e9rence des \u00c9v\u00eaques de France, charg\u00e9 du p\u00f4le sant\u00e9-justice. Des <strong>t\u00e9moignages <\/strong>sur des situations v\u00e9cues, en particulier en aum\u00f4nerie d\u2019h\u00f4pital, seront pr\u00e9sent\u00e9s.<\/p>\n<p><em>Le 2 f\u00e9vrier 2016, la loi Claeys-Leonetti a d\u00e9fini les modalit\u00e9s d\u2019accompagnement des personnes en fin de vie. Sont-elles appropri\u00e9es ou faut-il poursuivre notre r\u00e9flexion en tenant compte de la diversit\u00e9 des situations\u00a0?<\/em><\/p>\n","protected":false},"excerpt":{"rendered":"<p>&nbsp; Dans le contexte des \u00c9tats g\u00e9n\u00e9raux de la bio\u00e9thique Nous sommes heureux de vous informer que le dioc\u00e8se d\u2019\u00c9vry-Corbeil-Essonnes et la Communaut\u00e9 Mission de France vous invitent \u00e0\u00a0une conf\u00e9rence d\u00e9bat sur la fin de vie\u00a0Mardi 5 juin 2018&hellip;<\/p>\n","protected":false},"author":990005,"featured_media":1485,"comment_status":"closed","ping_status":"closed","sticky":false,"template":"","format":"standard","meta":{"give_campaign_id":0,"footnotes":""},"categories":[35],"tags":[],"class_list":["post-1484","post","type-post","status-publish","format-standard","has-post-thumbnail","hentry","category-conference"],"_links":{"self":[{"href":"https:\/\/demos.uptitude.fr\/savviry1\/wp-json\/wp\/v2\/posts\/1484","targetHints":{"allow":["GET"]}}],"collection":[{"href":"https:\/\/demos.uptitude.fr\/savviry1\/wp-json\/wp\/v2\/posts"}],"about":[{"href":"https:\/\/demos.uptitude.fr\/savviry1\/wp-json\/wp\/v2\/types\/post"}],"author":[{"embeddable":true,"href":"https:\/\/demos.uptitude.fr\/savviry1\/wp-json\/wp\/v2\/users\/990005"}],"replies":[{"embeddable":true,"href":"https:\/\/demos.uptitude.fr\/savviry1\/wp-json\/wp\/v2\/comments?post=1484"}],"version-history":[{"count":0,"href":"https:\/\/demos.uptitude.fr\/savviry1\/wp-json\/wp\/v2\/posts\/1484\/revisions"}],"wp:featuredmedia":[{"embeddable":true,"href":"https:\/\/demos.uptitude.fr\/savviry1\/wp-json\/"}],"wp:attachment":[{"href":"https:\/\/demos.uptitude.fr\/savviry1\/wp-json\/wp\/v2\/media?parent=1484"}],"wp:term":[{"taxonomy":"category","embeddable":true,"href":"https:\/\/demos.uptitude.fr\/savviry1\/wp-json\/wp\/v2\/categories?post=1484"},{"taxonomy":"post_tag","embeddable":true,"href":"https:\/\/demos.uptitude.fr\/savviry1\/wp-json\/wp\/v2\/tags?post=1484"}],"curies":[{"name":"wp","href":"https:\/\/api.w.org\/{rel}","templated":true}]}}