{"id":1499,"date":"2019-06-10T09:47:31","date_gmt":"2019-06-10T09:47:31","guid":{"rendered":"http:\/\/www.savigny-viry-catholique.fr\/?p=1499"},"modified":"2019-06-10T09:47:31","modified_gmt":"2019-06-10T09:47:31","slug":"catho-song","status":"publish","type":"post","link":"https:\/\/demos.uptitude.fr\/savviry1\/catho-song\/","title":{"rendered":"Catho-Song"},"content":{"rendered":"<p><span style=\"font-size: 20px;\"><strong>29 Juin Journ\u00e9e paroissiale de fin d&rsquo;ann\u00e9e.<\/strong><\/span><\/p>\n<p><span style=\"font-size: 20px;\"><strong>16h jeu interg\u00e9n\u00e9rationnel\u00a0<\/strong><\/span><\/p>\n<p><strong>18h : Messe \u00ab\u00a0familiales\u00a0\u00bb de fin d&rsquo;ann\u00e9e.<\/strong><\/p>\n<p>19h : Ap\u00e9ritif offert.<\/p>\n<p><strong>19h15 : Repas partag\u00e9e\u00a0<\/strong><\/p>\n<p>Apporter vos sp\u00e9cialit\u00e9s &#8230; partageons nos richesses<\/p>\n<p><strong>En soir\u00e9e Catho-Song avec les \u00ab\u00a0tubs\u00a0\u00bb de la cat\u00e9ch\u00e8se, de l&rsquo;aum\u00f4nerie, des chorales &#8230;.<\/strong><\/p>\n<p>Mais aussi les v\u00f4tres &#8230;. ! ! !<\/p>\n","protected":false},"excerpt":{"rendered":"<p>29 Juin Journ\u00e9e paroissiale de fin d&rsquo;ann\u00e9e. 16h jeu interg\u00e9n\u00e9rationnel\u00a0 18h : Messe \u00ab\u00a0familiales\u00a0\u00bb de fin d&rsquo;ann\u00e9e. 19h : Ap\u00e9ritif offert. 19h15 : Repas partag\u00e9e\u00a0 Apporter vos sp\u00e9cialit\u00e9s &#8230; partageons nos richesses En soir\u00e9e Catho-Song avec les \u00ab\u00a0tubs\u00a0\u00bb de&hellip;<\/p>\n","protected":false},"author":990005,"featured_media":2040,"comment_status":"closed","ping_status":"closed","sticky":false,"template":"","format":"standard","meta":{"give_campaign_id":0,"footnotes":""},"categories":[36],"tags":[],"class_list":["post-1499","post","type-post","status-publish","format-standard","has-post-thumbnail","hentry","category-fete-rassemblement"],"_links":{"self":[{"href":"https:\/\/demos.uptitude.fr\/savviry1\/wp-json\/wp\/v2\/posts\/1499","targetHints":{"allow":["GET"]}}],"collection":[{"href":"https:\/\/demos.uptitude.fr\/savviry1\/wp-json\/wp\/v2\/posts"}],"about":[{"href":"https:\/\/demos.uptitude.fr\/savviry1\/wp-json\/wp\/v2\/types\/post"}],"author":[{"embeddable":true,"href":"https:\/\/demos.uptitude.fr\/savviry1\/wp-json\/wp\/v2\/users\/990005"}],"replies":[{"embeddable":true,"href":"https:\/\/demos.uptitude.fr\/savviry1\/wp-json\/wp\/v2\/comments?post=1499"}],"version-history":[{"count":0,"href":"https:\/\/demos.uptitude.fr\/savviry1\/wp-json\/wp\/v2\/posts\/1499\/revisions"}],"wp:featuredmedia":[{"embeddable":true,"href":"https:\/\/demos.uptitude.fr\/savviry1\/wp-json\/"}],"wp:attachment":[{"href":"https:\/\/demos.uptitude.fr\/savviry1\/wp-json\/wp\/v2\/media?parent=1499"}],"wp:term":[{"taxonomy":"category","embeddable":true,"href":"https:\/\/demos.uptitude.fr\/savviry1\/wp-json\/wp\/v2\/categories?post=1499"},{"taxonomy":"post_tag","embeddable":true,"href":"https:\/\/demos.uptitude.fr\/savviry1\/wp-json\/wp\/v2\/tags?post=1499"}],"curies":[{"name":"wp","href":"https:\/\/api.w.org\/{rel}","templated":true}]}}