{"id":1508,"date":"2021-07-03T06:00:42","date_gmt":"2021-07-03T06:00:42","guid":{"rendered":"http:\/\/www.savigny-viry-catholique.fr\/?p=1508"},"modified":"2021-07-03T06:00:42","modified_gmt":"2021-07-03T06:00:42","slug":"vacances-scolaires-horaires-dete","status":"publish","type":"post","link":"https:\/\/demos.uptitude.fr\/savviry1\/vacances-scolaires-horaires-dete\/","title":{"rendered":"Vacances Scolaires &#8211; Horaires d&rsquo;\u00e9t\u00e9"},"content":{"rendered":"<p><strong>Attention du 7 juillet\u00a0 au 31 ao\u00fbt 2021 (inclus)<br \/>Les horaires s&rsquo;adaptent aux\u00a0 vacances de chacun !<\/strong>\u00a0<br \/><!--more--><\/p>\n<p>&nbsp;<\/p>\n<h2 style=\"text-align: center;\">Messes dominicales<\/h2>\n<h3>Messes dominicales en juillet<\/h3>\n<p><strong>Samedi\u00a0 \u00a0 \u00a0<\/strong><strong>18h30 \u00a0\u00a0\u00a0 \u00a0Notre Dame des Cit\u00e9s (A partir du 3 juillet)<\/strong><\/p>\n<p>\u00a0 \u00a0 \u00a0 \u00a0 \u00a0 \u00a0 \u00a0 \u00a0 \u00a0 <b>18h30\u00a0 \u00a0 \u00a0 Sainte Th\u00e9r\u00e8se de l&rsquo;Enfant J\u00e9sus (du 10 juillet au 28 Ao\u00fbt)<\/b><\/p>\n<p><strong>Dimanche\u00a0 10h30 \u00a0\u00a0\u00a0<\/strong> <strong>Saint Martin<\/strong><br \/><strong>\u00a0 \u00a0 \u00a0 \u00a0 \u00a0 \u00a0 \u00a0 \u00a0 \u00a0 11h00 \u00a0\u00a0\u00a0\u00a0 \u00a0Saint Esprit<\/strong><\/p>\n<h3>Messes dominicales en ao\u00fbt<\/h3>\n<p><strong>Samedi\u00a0 \u00a0 \u00a0 <\/strong><strong>18h30<\/strong> \u00a0\u00a0\u00a0 <strong>Sainte Bernadette (du 7 au 28 Ao\u00fbt))<\/strong><\/p>\n<p><strong>Dimanche 10h30 \u00a0\u00a0\u00a0<\/strong> <strong>Saint Martin<\/strong><br \/><strong>\u00a0 \u00a0 \u00a0 \u00a0 \u00a0 \u00a0 \u00a0 \u00a0 \u00a0 11h00\u00a0 \u00a0 \u00a0 Saint Esprit<\/strong><\/p>\n<p>&nbsp;<\/p>\n<h3 style=\"text-align: center;\">Assomption de la Vierge Marie &#8211; Dimanche15 ao\u00fbt<\/h3>\n<h3 style=\"text-align: left;\"><span style=\"font-size: 14px;\"><strong>messes :\u00a0 \u00a09h30\u00a0 Saint Martin<\/strong><\/span><\/h3>\n<h3 style=\"text-align: left;\"><span style=\"font-size: 14px;\"><strong>\u00a0 \u00a0 \u00a0 \u00a0 \u00a0 \u00a0 \u00a0 \u00a0 \u00a011h00<\/strong> <strong>Notre Dame d&rsquo;Esp\u00e9rance<\/strong><\/span><br \/><span style=\"font-size: 14px;\"><strong>\u00a0 \u00a0 \u00a0 \u00a0 \u00a0 \u00a0 \u00a0 \u00a0 \u00a011h00 Saint Esprit<\/strong><\/span><\/h3>\n<h5><u>Messes en semaine<\/u><\/h5>\n<h5>Mardi\u00a0 \u00a0 \u00a0 \u00a0 \u00a0 9h00 \u00a0\u00a0 Saint Martin\u00a0<br \/>Mercredi\u00a0 \u00a0 18h00 \u00a0\u00a0 Sainte Bernadette\u00a0 (adoration \u00e0 17h00)<br \/>Jeudi \u00a0\u00a0\u00a0\u00a0\u00a0\u00a0\u00a0\u00a0\u00a0\u00a0 9h00 \u00a0\u00a0 Sainte Th\u00e9r\u00e8se de l&rsquo;Enfant J\u00e9sus<br \/>Vendredi\u00a0 \u00a0 \u00a018h00 \u00a0\u00a0 Notre Dame des Cit\u00e9s<\/h5>\n<h4 style=\"padding-left: 60px; text-align: center;\"><strong><em><span style=\"font-size: 16px;\"><a href=\"http:\/\/www.savigny-viry-catholique.fr\/Download\/doc\/2021-Horaires-ete.pdf\">Vous pouvez t\u00e9l\u00e9charger ici ces informations<\/a> <br \/><br \/><\/span><\/em><\/strong><\/h4>\n","protected":false},"excerpt":{"rendered":"<p>Attention du 7 juillet\u00a0 au 31 ao\u00fbt 2021 (inclus)Les horaires s&rsquo;adaptent aux\u00a0 vacances de chacun !\u00a0<\/p>\n","protected":false},"author":990005,"featured_media":1509,"comment_status":"closed","ping_status":"closed","sticky":false,"template":"","format":"standard","meta":{"give_campaign_id":0,"footnotes":""},"categories":[37],"tags":[],"class_list":["post-1508","post","type-post","status-publish","format-standard","has-post-thumbnail","hentry","category-horaires"],"_links":{"self":[{"href":"https:\/\/demos.uptitude.fr\/savviry1\/wp-json\/wp\/v2\/posts\/1508","targetHints":{"allow":["GET"]}}],"collection":[{"href":"https:\/\/demos.uptitude.fr\/savviry1\/wp-json\/wp\/v2\/posts"}],"about":[{"href":"https:\/\/demos.uptitude.fr\/savviry1\/wp-json\/wp\/v2\/types\/post"}],"author":[{"embeddable":true,"href":"https:\/\/demos.uptitude.fr\/savviry1\/wp-json\/wp\/v2\/users\/990005"}],"replies":[{"embeddable":true,"href":"https:\/\/demos.uptitude.fr\/savviry1\/wp-json\/wp\/v2\/comments?post=1508"}],"version-history":[{"count":0,"href":"https:\/\/demos.uptitude.fr\/savviry1\/wp-json\/wp\/v2\/posts\/1508\/revisions"}],"wp:featuredmedia":[{"embeddable":true,"href":"https:\/\/demos.uptitude.fr\/savviry1\/wp-json\/"}],"wp:attachment":[{"href":"https:\/\/demos.uptitude.fr\/savviry1\/wp-json\/wp\/v2\/media?parent=1508"}],"wp:term":[{"taxonomy":"category","embeddable":true,"href":"https:\/\/demos.uptitude.fr\/savviry1\/wp-json\/wp\/v2\/categories?post=1508"},{"taxonomy":"post_tag","embeddable":true,"href":"https:\/\/demos.uptitude.fr\/savviry1\/wp-json\/wp\/v2\/tags?post=1508"}],"curies":[{"name":"wp","href":"https:\/\/api.w.org\/{rel}","templated":true}]}}