{"id":1522,"date":"2018-06-18T10:09:46","date_gmt":"2018-06-18T10:09:46","guid":{"rendered":"http:\/\/www.savigny-viry-catholique.fr\/?p=1522"},"modified":"2018-06-18T10:09:46","modified_gmt":"2018-06-18T10:09:46","slug":"nuit-des-eglises","status":"publish","type":"post","link":"https:\/\/demos.uptitude.fr\/savviry1\/nuit-des-eglises\/","title":{"rendered":"Nuit des \u00e9glises"},"content":{"rendered":"<h1 style=\"text-align: center;\"><span style=\"font-size: 28px;\">Dans le cadre de la \u00ab\u00a0nuit des \u00e9glises\u00a0\u00bb<br \/>\nun \u00e9v\u00e9nement\u00a0port\u00e9e par la conf\u00e9rence des \u00e9v\u00eaques de France&#8230;<\/span><\/h1>\n<p>&nbsp;<\/p>\n<h1 style=\"text-align: center;\"><span style=\"font-size: 48px;\"><strong>Venez et Voyez <\/strong><\/span><\/h1>\n<h1 style=\"text-align: center;\">Eglise du Saint-Esprit de Viry-Ch\u00e2tillon<\/h1>\n<h1 style=\"text-align: center;\"><span style=\"font-size: 16px;\">53 boulevard Guynemer 91170 Viry-Chatillon\u00a0<\/span><\/h1>\n<h1 style=\"text-align: center;\"><strong>\u00c0 partir de 20h\u00a0: concert \u00ab\u00a0pop louange\u00a0\u00bb<\/strong><\/h1>\n<h1 style=\"text-align: center;\"><span style=\"font-size: 16px;\"><strong>puis projection du film<\/strong><\/span><\/h1>\n<h1 style=\"text-align: center;\"><strong>\u00abBONNE ARRIVEE A LA M.A.C.O, <\/strong><br \/>\n<strong>PAPA FRAN\u00c7OIS !\u00bb<\/strong><\/h1>\n<h1 style=\"text-align: center;\"><span style=\"font-size: 20px;\">Une prison, un pape, un film.<\/span><\/h1>\n<h1 style=\"text-align: center;\"><span style=\"font-size: 20px;\"><em>suivit d&rsquo;un entretien avec le r\u00e9alisateur.\u00a0<\/em><\/span><\/h1>\n<h1><span style=\"font-size: 16px;\"><em>De toute ma \u00ab carri\u00e8re de cin\u00e9aste carc\u00e9ral \u00bb, ce fut, sans doute, le film plus difficile \u00e0 faire, Janusz Mrozowski.<\/em><\/span><\/h1>\n","protected":false},"excerpt":{"rendered":"<p>Dans le cadre de la \u00ab\u00a0nuit des \u00e9glises\u00a0\u00bb un \u00e9v\u00e9nement\u00a0port\u00e9e par la conf\u00e9rence des \u00e9v\u00eaques de France&#8230; &nbsp; Venez et Voyez Eglise du Saint-Esprit de Viry-Ch\u00e2tillon 53 boulevard Guynemer 91170 Viry-Chatillon\u00a0 \u00c0 partir de 20h\u00a0: concert \u00ab\u00a0pop louange\u00a0\u00bb puis&hellip;<\/p>\n","protected":false},"author":990005,"featured_media":1523,"comment_status":"closed","ping_status":"closed","sticky":false,"template":"","format":"standard","meta":{"give_campaign_id":0,"footnotes":""},"categories":[36],"tags":[],"class_list":["post-1522","post","type-post","status-publish","format-standard","has-post-thumbnail","hentry","category-fete-rassemblement"],"_links":{"self":[{"href":"https:\/\/demos.uptitude.fr\/savviry1\/wp-json\/wp\/v2\/posts\/1522","targetHints":{"allow":["GET"]}}],"collection":[{"href":"https:\/\/demos.uptitude.fr\/savviry1\/wp-json\/wp\/v2\/posts"}],"about":[{"href":"https:\/\/demos.uptitude.fr\/savviry1\/wp-json\/wp\/v2\/types\/post"}],"author":[{"embeddable":true,"href":"https:\/\/demos.uptitude.fr\/savviry1\/wp-json\/wp\/v2\/users\/990005"}],"replies":[{"embeddable":true,"href":"https:\/\/demos.uptitude.fr\/savviry1\/wp-json\/wp\/v2\/comments?post=1522"}],"version-history":[{"count":0,"href":"https:\/\/demos.uptitude.fr\/savviry1\/wp-json\/wp\/v2\/posts\/1522\/revisions"}],"wp:featuredmedia":[{"embeddable":true,"href":"https:\/\/demos.uptitude.fr\/savviry1\/wp-json\/"}],"wp:attachment":[{"href":"https:\/\/demos.uptitude.fr\/savviry1\/wp-json\/wp\/v2\/media?parent=1522"}],"wp:term":[{"taxonomy":"category","embeddable":true,"href":"https:\/\/demos.uptitude.fr\/savviry1\/wp-json\/wp\/v2\/categories?post=1522"},{"taxonomy":"post_tag","embeddable":true,"href":"https:\/\/demos.uptitude.fr\/savviry1\/wp-json\/wp\/v2\/tags?post=1522"}],"curies":[{"name":"wp","href":"https:\/\/api.w.org\/{rel}","templated":true}]}}