{"id":1534,"date":"2018-08-30T09:19:46","date_gmt":"2018-08-30T09:19:46","guid":{"rendered":"http:\/\/www.savigny-viry-catholique.fr\/?p=1534"},"modified":"2018-08-30T09:19:46","modified_gmt":"2018-08-30T09:19:46","slug":"inscription-au-catechisme","status":"publish","type":"post","link":"https:\/\/demos.uptitude.fr\/savviry1\/inscription-au-catechisme\/","title":{"rendered":"Inscription au cat\u00e9chisme"},"content":{"rendered":"<h4><strong><span style=\"font-size: 32px;\">Inscriptions au cat\u00e9chisme<\/span><\/strong><\/h4>\n<h4><strong><span style=\"font-size: 32px;\">Rentr\u00e9e de septembre 2018<\/span><\/strong><\/h4>\n<h4><em>Le cat\u00e9chisme commence en CE1. <\/em><\/h4>\n<p><em>Les enfants ayant suivi le cat\u00e9chisme sur l&rsquo;une ou l&rsquo;autre des paroisses du Secteur Pastoral n&rsquo;ont pas \u00e0 faire de nouvelle inscription\u00a0: un courrier vous donnera la date de la r\u00e9union de rentr\u00e9e. <\/em><\/p>\n<h4><em>Les enfants non baptis\u00e9s sont les bienvenus. <\/em><\/h4>\n<p><em>Pour les enfants baptis\u00e9s, lors de l&rsquo;inscription, se munir d&rsquo;une copie de l&rsquo;acte de bapt\u00eame (\u00e0 demander \u00e0 la paroisse o\u00f9 a eu lieu le bapt\u00eame)<\/em><\/p>\n<h2><em>\u00a0<\/em>Pour Savigny sur Orge<\/h2>\n<ul>\n<li>Inscriptions :<\/li>\n<li>Samedi 8\u00a0\u00a0septembre : au forum des associations Au COSOM de Savigny de\u00a010h \u00e0\u00a016h<\/li>\n<li>Samedi 15\u00a0\u00a0septembre : \u00e0 la \u00ab\u00a0Maison Bonne Nouvelle\u00a0\u00bb de 10h00 \u00e0 12h00<\/li>\n<li>\n<h4>R\u00e9union de rentr\u00e9e \u00e0 l\u2019Espace P\u00e8re Coindreau (EPC) 23 avenue des \u00e9coles.<\/h4>\n<\/li>\n<li>\n<h5>Cat\u00e9ch\u00e8se (enfants en primaire CE1 -&gt; CM2) :\u00a0Mardi 18 septembre \u00e0 20h30 r\u00e9union de rentr\u00e9e pour les parents<\/h5>\n<\/li>\n<li>\n<h5>Aum\u00f4nerie : (jeunes au coll\u00e8ge et\/ou au lyc\u00e9e) :\u00a0Vendredi 21 septembre \u00e0 20h30 r\u00e9union de rentr\u00e9e pour les parents et les lyc\u00e9ens.<\/h5>\n<\/li>\n<li>\n<h3><span style=\"font-size: 20px;\">C<strong>\u00e9l\u00e9bration d&rsquo;envoi &#8211; <\/strong>Lancement de l&rsquo;ann\u00e9e :<br \/>\nSamedi 22 septembre &#8211; 18h00 &#8211; Eglise N.D. de l&rsquo;Esp\u00e9rance.<\/span><\/h3>\n<p>&nbsp;<\/p>\n<p>Pour Viry-Chatillon<\/li>\n<\/ul>\n<h5>du 15 septembre au 8 Octobre<\/h5>\n<ul>\n<li>\u00e0 la paroisse Notre Dame des Cit\u00e9s tous les samedi de 9h30 \u00e0\u00a011h00<\/li>\n<li>au presbyt\u00e8re Saint Denis tous les samedi de 10h00 \u00e0\u00a011h30.\u00a0Et le lundi de 14h \u00e0 16h<\/li>\n<li>\u00e0 la paroisse Sainte Bernadette tous les samedi de 10h00 \u00e0\u00a011h30<\/li>\n<li>\n<h4>R\u00e9union de rentr\u00e9e \u00e0 Notre Dame des cit\u00e9s &#8211; 18 avenue de Marseille.<\/h4>\n<\/li>\n<li>\n<h5>Cat\u00e9ch\u00e8se (enfants en primaire CE1 -&gt; CM2) :\u00a0Jeudi 20 septembre \u00e0 20h30 r\u00e9union de rentr\u00e9e pour les parents<\/h5>\n<\/li>\n<li>\n<h5>Aum\u00f4nerie : (jeunes au coll\u00e8ge et\/ou au lyc\u00e9e) :\u00a0Samedi 6 octobre \u00e0 14h30 r\u00e9union de rentr\u00e9e pour les parents et les lyc\u00e9ens.<\/h5>\n<\/li>\n<\/ul>\n<h3><span style=\"font-size: 20px;\">C<strong>\u00e9l\u00e9bration d&rsquo;envoi &#8211; <\/strong>Lancement de l&rsquo;ann\u00e9e :<br \/>\nDimanche 23 septembre &#8211; 10h30 &#8211; Eglise du Saint Esprit.<\/span><\/h3>\n<p>&nbsp;<\/p>\n","protected":false},"excerpt":{"rendered":"<p>Inscriptions au cat\u00e9chisme Rentr\u00e9e de septembre 2018 Le cat\u00e9chisme commence en CE1. Les enfants ayant suivi le cat\u00e9chisme sur l&rsquo;une ou l&rsquo;autre des paroisses du Secteur Pastoral n&rsquo;ont pas \u00e0 faire de nouvelle inscription\u00a0: un courrier vous donnera la&hellip;<\/p>\n","protected":false},"author":990005,"featured_media":1535,"comment_status":"closed","ping_status":"closed","sticky":false,"template":"","format":"standard","meta":{"give_campaign_id":0,"footnotes":""},"categories":[37],"tags":[],"class_list":["post-1534","post","type-post","status-publish","format-standard","has-post-thumbnail","hentry","category-horaires"],"_links":{"self":[{"href":"https:\/\/demos.uptitude.fr\/savviry1\/wp-json\/wp\/v2\/posts\/1534","targetHints":{"allow":["GET"]}}],"collection":[{"href":"https:\/\/demos.uptitude.fr\/savviry1\/wp-json\/wp\/v2\/posts"}],"about":[{"href":"https:\/\/demos.uptitude.fr\/savviry1\/wp-json\/wp\/v2\/types\/post"}],"author":[{"embeddable":true,"href":"https:\/\/demos.uptitude.fr\/savviry1\/wp-json\/wp\/v2\/users\/990005"}],"replies":[{"embeddable":true,"href":"https:\/\/demos.uptitude.fr\/savviry1\/wp-json\/wp\/v2\/comments?post=1534"}],"version-history":[{"count":0,"href":"https:\/\/demos.uptitude.fr\/savviry1\/wp-json\/wp\/v2\/posts\/1534\/revisions"}],"wp:featuredmedia":[{"embeddable":true,"href":"https:\/\/demos.uptitude.fr\/savviry1\/wp-json\/"}],"wp:attachment":[{"href":"https:\/\/demos.uptitude.fr\/savviry1\/wp-json\/wp\/v2\/media?parent=1534"}],"wp:term":[{"taxonomy":"category","embeddable":true,"href":"https:\/\/demos.uptitude.fr\/savviry1\/wp-json\/wp\/v2\/categories?post=1534"},{"taxonomy":"post_tag","embeddable":true,"href":"https:\/\/demos.uptitude.fr\/savviry1\/wp-json\/wp\/v2\/tags?post=1534"}],"curies":[{"name":"wp","href":"https:\/\/api.w.org\/{rel}","templated":true}]}}