{"id":1562,"date":"2018-08-28T17:40:35","date_gmt":"2018-08-28T17:40:35","guid":{"rendered":"http:\/\/www.savigny-viry-catholique.fr\/?p=1562"},"modified":"2018-08-28T17:40:35","modified_gmt":"2018-08-28T17:40:35","slug":"la-rentree","status":"publish","type":"post","link":"https:\/\/demos.uptitude.fr\/savviry1\/la-rentree\/","title":{"rendered":"La rentr\u00e9e &#8230;"},"content":{"rendered":"<p>Savigny Sur Orge &#8211;\u00a0FORUM des ASSOCIATIONS :<\/p>\n<p>Le samedi 08 septembre de 9h30 \u00e0 18h00 au Stade Jean Moulin (avenue de l\u2019Arm\u00e9e Leclerc).se tiendra le FORUM DES ASSOCIATIONS. Notez bien que c\u2019est le premier week-end qui suit la rentr\u00e9e scolaire.<\/p>\n<p><strong>Les paroissiens y sont pr\u00e9sents par le biais de l\u2019A.S.T.S.M. (Association Sainte Th\u00e9r\u00e8se Saint Martin).<\/strong><br \/>\nTous les paroissiens, anciens et nouveaux arrivants, sont invit\u00e9s \u00e0 s\u2019y retrouver pour reprendre contact apr\u00e8s les vacances.<br \/>\n<strong>On y trouvera tous les renseignements concernant la vie de la communaut\u00e9 paroissiale<\/strong> : horaires des messes, pr\u00e9paration aux sacrements, les services d\u2019\u00e9glise etc\u2026<br \/>\nLes parents pourront inscrire leurs enfants \u00e0 la cat\u00e9ch\u00e8se et \u00e0 l\u2019aum\u00f4nerie.<\/p>\n<p><strong><span style=\"font-size: 16px;\"><a href=\"http:\/\/www.savigny-viry-catholique.fr\/2018\/09\/02\/inscription-au-catechisme\/\" target=\"_blank\" rel=\"noopener\">Inscription au cat\u00e9chisme et \u00e0 l&rsquo;aum\u00f4nerie<\/a><\/span><\/strong><\/p>\n<h3><span style=\"font-size: 20px;\">C<strong>\u00e9l\u00e9bration d&rsquo;envoi &#8211; <\/strong>Lancement de l&rsquo;ann\u00e9e :<\/span><\/h3>\n<h4><span style=\"text-decoration: underline;\">Pour Savigny Sur Orge :\u00a0<\/span><\/h4>\n<p>Samedi 22 septembre &#8211; 18h00 &#8211; Eglise N.D. de l&rsquo;Esp\u00e9rance.<\/p>\n<h4><span style=\"text-decoration: underline;\">Pour Viry Chatillon :\u00a0<\/span><\/h4>\n<p>Dimanche 23 septembre &#8211; 10h30 &#8211; Eglise du Saint Esprit.<\/p>\n<p>&nbsp;<\/p>\n","protected":false},"excerpt":{"rendered":"<p>Savigny Sur Orge &#8211;\u00a0FORUM des ASSOCIATIONS : Le samedi 08 septembre de 9h30 \u00e0 18h00 au Stade Jean Moulin (avenue de l\u2019Arm\u00e9e Leclerc).se tiendra le FORUM DES ASSOCIATIONS. Notez bien que c\u2019est le premier week-end qui suit la rentr\u00e9e&hellip;<\/p>\n","protected":false},"author":990005,"featured_media":1565,"comment_status":"closed","ping_status":"closed","sticky":false,"template":"","format":"standard","meta":{"give_campaign_id":0,"footnotes":""},"categories":[34],"tags":[],"class_list":["post-1562","post","type-post","status-publish","format-standard","has-post-thumbnail","hentry","category-catechese-aumonerie"],"_links":{"self":[{"href":"https:\/\/demos.uptitude.fr\/savviry1\/wp-json\/wp\/v2\/posts\/1562","targetHints":{"allow":["GET"]}}],"collection":[{"href":"https:\/\/demos.uptitude.fr\/savviry1\/wp-json\/wp\/v2\/posts"}],"about":[{"href":"https:\/\/demos.uptitude.fr\/savviry1\/wp-json\/wp\/v2\/types\/post"}],"author":[{"embeddable":true,"href":"https:\/\/demos.uptitude.fr\/savviry1\/wp-json\/wp\/v2\/users\/990005"}],"replies":[{"embeddable":true,"href":"https:\/\/demos.uptitude.fr\/savviry1\/wp-json\/wp\/v2\/comments?post=1562"}],"version-history":[{"count":0,"href":"https:\/\/demos.uptitude.fr\/savviry1\/wp-json\/wp\/v2\/posts\/1562\/revisions"}],"wp:featuredmedia":[{"embeddable":true,"href":"https:\/\/demos.uptitude.fr\/savviry1\/wp-json\/"}],"wp:attachment":[{"href":"https:\/\/demos.uptitude.fr\/savviry1\/wp-json\/wp\/v2\/media?parent=1562"}],"wp:term":[{"taxonomy":"category","embeddable":true,"href":"https:\/\/demos.uptitude.fr\/savviry1\/wp-json\/wp\/v2\/categories?post=1562"},{"taxonomy":"post_tag","embeddable":true,"href":"https:\/\/demos.uptitude.fr\/savviry1\/wp-json\/wp\/v2\/tags?post=1562"}],"curies":[{"name":"wp","href":"https:\/\/api.w.org\/{rel}","templated":true}]}}