{"id":1592,"date":"2018-10-09T10:06:32","date_gmt":"2018-10-09T10:06:32","guid":{"rendered":"http:\/\/www.savigny-viry-catholique.fr\/?p=1592"},"modified":"2018-10-09T10:06:32","modified_gmt":"2018-10-09T10:06:32","slug":"message-du-pape-message-du-conseil-permanent","status":"publish","type":"post","link":"https:\/\/demos.uptitude.fr\/savviry1\/message-du-pape-message-du-conseil-permanent\/","title":{"rendered":"Message du pape &#8211; Message du Conseil Permanent"},"content":{"rendered":"<h5><em>Face \u00e0 la gravit\u00e9 des situations &#8230;.<\/em><\/h5>\n<h3 class=\"entry-title\">Message des \u00e9v\u00eaques du Conseil permanent adress\u00e9 au peuple de Dieu qui est en France<\/h3>\n<p><a href=\"https:\/\/eglise.catholique.fr\/conference-des-eveques-de-france\/textes-et-declarations\/460249-message-eveques-conseil-permanent-adresse-peuple-de-dieu-france\/\" target=\"_blank\" rel=\"noopener\">https:\/\/eglise.catholique.fr\/conference-des-eveques-de-france\/textes-et-declarations\/460249-message-eveques-conseil-permanent-adresse-peuple-de-dieu-france\/<\/a><\/p>\n<h3><strong>Message du pape Fran\u00e7ois adress\u00e9 \u00e0 tous les catholiques le 20 ao\u00fbt dernier<\/strong><\/h3>\n<p><a href=\"https:\/\/eglise.catholique.fr\/vatican\/messages-du-saint-pere\/459286-lettre-pape-francois-peuple-de-dieu\/\" target=\"_blank\" rel=\"noopener\">https:\/\/eglise.catholique.fr\/vatican\/messages-du-saint-pere\/459286-lettre-pape-francois-peuple-de-dieu\/<\/a><\/p>\n<h3>Vous avez des doutes sur le respect des enfants ou des personnes fragiles.<\/h3>\n<h6>Vous vous demandez quoi faire.\u00a0Consultez le\u00a0<a href=\"http:\/\/www.eglise.catholique.fr\/eglise-et-societe\/lutter-contre-la-pedophilie\/lutter-contre-la-pedophilie.html%22%20%5Ct%20%22_blank\"><em>site de la <\/em><em>Conf\u00e9rence<\/em><em> des <\/em><em>\u00c9v\u00eaques<\/em><em> de France<\/em><\/a>.\u00a0Vous pouvez aussi nous contacter par courrier \u00e9lectronique \u00e0\u00a0<em><a href=\"mailto:paroledevictimes91@eveche-evry.com\">l\u2019adresse en lien<\/a><\/em>.<\/h6>\n<p>&nbsp;<\/p>\n","protected":false},"excerpt":{"rendered":"<p>Face \u00e0 la gravit\u00e9 des situations &#8230;. Message des \u00e9v\u00eaques du Conseil permanent adress\u00e9 au peuple de Dieu qui est en France https:\/\/eglise.catholique.fr\/conference-des-eveques-de-france\/textes-et-declarations\/460249-message-eveques-conseil-permanent-adresse-peuple-de-dieu-france\/ Message du pape Fran\u00e7ois adress\u00e9 \u00e0 tous les catholiques le 20 ao\u00fbt dernier https:\/\/eglise.catholique.fr\/vatican\/messages-du-saint-pere\/459286-lettre-pape-francois-peuple-de-dieu\/ Vous avez&hellip;<\/p>\n","protected":false},"author":990005,"featured_media":1596,"comment_status":"closed","ping_status":"closed","sticky":false,"template":"","format":"standard","meta":{"give_campaign_id":0,"footnotes":""},"categories":[38],"tags":[],"class_list":["post-1592","post","type-post","status-publish","format-standard","has-post-thumbnail","hentry","category-officiel"],"_links":{"self":[{"href":"https:\/\/demos.uptitude.fr\/savviry1\/wp-json\/wp\/v2\/posts\/1592","targetHints":{"allow":["GET"]}}],"collection":[{"href":"https:\/\/demos.uptitude.fr\/savviry1\/wp-json\/wp\/v2\/posts"}],"about":[{"href":"https:\/\/demos.uptitude.fr\/savviry1\/wp-json\/wp\/v2\/types\/post"}],"author":[{"embeddable":true,"href":"https:\/\/demos.uptitude.fr\/savviry1\/wp-json\/wp\/v2\/users\/990005"}],"replies":[{"embeddable":true,"href":"https:\/\/demos.uptitude.fr\/savviry1\/wp-json\/wp\/v2\/comments?post=1592"}],"version-history":[{"count":0,"href":"https:\/\/demos.uptitude.fr\/savviry1\/wp-json\/wp\/v2\/posts\/1592\/revisions"}],"wp:featuredmedia":[{"embeddable":true,"href":"https:\/\/demos.uptitude.fr\/savviry1\/wp-json\/"}],"wp:attachment":[{"href":"https:\/\/demos.uptitude.fr\/savviry1\/wp-json\/wp\/v2\/media?parent=1592"}],"wp:term":[{"taxonomy":"category","embeddable":true,"href":"https:\/\/demos.uptitude.fr\/savviry1\/wp-json\/wp\/v2\/categories?post=1592"},{"taxonomy":"post_tag","embeddable":true,"href":"https:\/\/demos.uptitude.fr\/savviry1\/wp-json\/wp\/v2\/tags?post=1592"}],"curies":[{"name":"wp","href":"https:\/\/api.w.org\/{rel}","templated":true}]}}