{"id":1615,"date":"2018-10-07T14:13:18","date_gmt":"2018-10-07T14:13:18","guid":{"rendered":"http:\/\/www.savigny-viry-catholique.fr\/?p=1615"},"modified":"2018-10-07T14:13:18","modified_gmt":"2018-10-07T14:13:18","slug":"1615-2","status":"publish","type":"post","link":"https:\/\/demos.uptitude.fr\/savviry1\/1615-2\/","title":{"rendered":"Ensemble, prions pour le synode"},"content":{"rendered":"<p><img fetchpriority=\"high\" decoding=\"async\" class=\"wp-image-1617 aligncenter\" src=\"http:\/\/www.savigny-viry-catholique.fr\/wp-content\/uploads\/2018\/10\/synode-1-300x124.jpg\" alt=\"\" width=\"402\" height=\"166\" \/><\/p>\n<h1 style=\"text-align: center;\">\u00ab\u00a0Ensemble, prions pour le synode\u00a0\u00bb<\/h1>\n<h5 style=\"text-align: center;\">Un synode pour les jeunes, la Foi et le discernement vocationnel est lanc\u00e9 par le pape Fran\u00e7ois.<\/h5>\n<h5 style=\"text-align: center;\">Du 3 au 28 octobre 2018, les \u00e9v\u00eaques se r\u00e9uniront pour mettre en route ce synode.<br \/>\nLe pape Fran\u00e7ois invite l&rsquo;ensemble des catholiques \u00e0 prier pour ce synode pour les jeunes<\/h5>\n<h5 style=\"text-align: center;\">durant ces 4 semaines.<\/h5>\n<p style=\"text-align: center;\">Pour chacun des dimanches, nous vous proposons un t\u00e9moignage d\u2019un jeune de notre dioc\u00e8se<\/p>\n<p style=\"text-align: center;\">et une intention de pri\u00e8re universelle qui pourront \u00eatre lus au cours de la messe.<\/p>\n<h5>Dimanche 7 octobre 2018\u00a0T\u00e9moignage :<\/h5>\n<p>\u00ab A la suite de ma confirmation, j\u2019ai ressenti le besoin de me faire ma place et d\u2019entrer pleinement dans ma vie de jeune catholique. Je suis donc devenu animateur 4\/3 car pour moi, c\u2019\u00e9tait important de transmettre aux jeunes ce que l\u2019on m\u2019avait transmis ainsi que ce que je vivais. Et, depuis 1 an, je fais partie de l\u2019\u00e9quipe dioc\u00e9saine pour le FRAT qui fait l\u2019interm\u00e9diaire entre le Fraternel et les aum\u00f4neries. Par ces deux misions, je me sens, aujourd\u2019hui utile dans l\u2019Eglise \u00bb<br \/>\nLucas, 20 ans<\/p>\n<h5>Dimanche 14 octobre 2018\u00a0T\u00e9moignage :<\/h5>\n<p>\u00a0\u00bb J&rsquo;ai pour habitude depuis 2015 d&rsquo;aller \u00e0 Taiz\u00e9 chaque \u00e9t\u00e9 (communaut\u00e9 des fr\u00e8res de Taiz\u00e9) pendant une semaine. Cela me permet de me ressourcer mais aussi de casser mon quotidien: le fait de ne pas me soucier du lendemain.<br \/>\nTaiz\u00e9 est totalement un exemple concret de fraternit\u00e9 et d&rsquo;unit\u00e9 auquel nous sommes tous appel\u00e9s.<br \/>\nLes activit\u00e9s, discussions et conf\u00e9rences organis\u00e9es puis aussi les rencontres remettent toujours en cause ma conception de la foi, de l&rsquo;amour et des autres. J&rsquo;aime bien quand ma vision des choses se retrouve \u00ab\u00a0boulevers\u00e9e\u00a0\u00bb; cela prouve qu&rsquo;il y a de la vie.<br \/>\nApr\u00e8s ce s\u00e9jour \u00e0 Taiz\u00e9, j\u2019en viens \u00e0 la conclusion que : l&rsquo;Eglise n&rsquo;est pas parfaite mais elle est belle. J&rsquo;aime voir sa progression vers la saintet\u00e9.\u00a0\u00bb<br \/>\nF\u00e9licia, 19 ans<\/p>\n<h5>Dimanche 21 octobre 2018 T\u00e9moignage :<\/h5>\n<p>\u00ab Bonjour \u00e0 tous, je m\u2019appelle Franck, et je me pr\u00e9pare \u00e0 devenir pr\u00eatre.<br \/>\nJe d\u00e9couvre la mission de pasteur en t\u00e2chant de mettre le Christ au centre de ma vie.<br \/>\nJ\u2019essaie d\u2019aimer les gens tels qu\u2019ils sont car Dieu les aime d\u2019un amour infini. Il ne faut pas douter de l\u2019amour de Dieu car il aimera toujours ses enfants, c\u2019est-\u00e0-dire nous tous, que nous croyons en lui ou non. M\u2019investir dans des actions me permet des rencontres formidables avec des gens qui parfois ne sont pas catholiques, voire m\u00eame non croyants, mais poss\u00e8dent une vraie profondeur d\u2019esprit et des r\u00e9elles r\u00e9flexions.<br \/>\n\u00ab Heureux \u00eates-vous \u00bb. Posons-nous la question, sommes-nous heureux ? Moi c\u2019est en \u00e9tant au service du dioc\u00e8se que je m\u2019\u00e9panouis.<br \/>\nFranck, S\u00e9minariste en 5\u00e8me ann\u00e9e pour le dioc\u00e8se d\u2019Evry-Corbeil-Essonne.<br \/>\nIntention de pri\u00e8re universelle :<br \/>\nSeigneur nous te prions pour ceux qui se pr\u00e9parent au minist\u00e8re de pr\u00eatre et pour ceux qui les accompagnent. Donne \u00e0 nos communaut\u00e9s d\u2019\u00eatre appelantes aupr\u00e8s des jeunes d\u2019aujourd\u2019hui.<\/p>\n<h5>Dimanche 28 octobre 2018\u00a0T\u00e9moignage :<\/h5>\n<p>36 ans et 26 ans, jeune couple, nous nous sommes mari\u00e9s le 8 juillet 2017. Ce fut le plus beau jour de notre vie. Il y avait nos familles, amis et proches avec lesquels nous avons partag\u00e9 cette immense joie. Le mariage religieux fut c\u00e9l\u00e9br\u00e9 par le p\u00e8re J\u00e9r\u00e9mie de la paroisse Saint Damien de Veuster \u00e0 Epinay sous S\u00e9nart. Les festivit\u00e9s furent une r\u00e9ussite.<br \/>\nNous nous sommes rencontr\u00e9s il y a de cela 7 ans \u00e0 Paris. Et les choses sont parties assez vite. Si nous avons tenu jusqu&rsquo;au mariage, c&rsquo;est gr\u00e2ce aussi \u00e0 la pri\u00e8re. Nous avons confi\u00e9 notre couple \u00e0 Dieu. Tout n&rsquo;a pas \u00e9t\u00e9 rose mais avec la foi en Dieu et notre conviction, nous avons pu affranchir beaucoup d&rsquo;obstacles.<br \/>\nVivre ensemble, c&rsquo;est accepter d\u00e9j\u00e0 nos diff\u00e9rences. Le mariage est une harmonie entre l&rsquo;homme et la femme dans le but d&rsquo;avoir une seule voix. Mettre Dieu au coeur du couple, c&rsquo;est le meilleur gage d&rsquo;une parfaite entente. C&rsquo;est ce que nous avons renouveler \u00e0 notre un an de mariage pour la noce de coton. Nous souhaitons que tous ceux qui se marient vivent la m\u00eame joie que nous vivons actuellement.<br \/>\nSimone, 26 ans et Eug\u00e8ne, 36 ans.<\/p>\n","protected":false},"excerpt":{"rendered":"<p>\u00ab\u00a0Ensemble, prions pour le synode\u00a0\u00bb Un synode pour les jeunes, la Foi et le discernement vocationnel est lanc\u00e9 par le pape Fran\u00e7ois. Du 3 au 28 octobre 2018, les \u00e9v\u00eaques se r\u00e9uniront pour mettre en route ce synode. Le&hellip;<\/p>\n","protected":false},"author":990005,"featured_media":1617,"comment_status":"closed","ping_status":"closed","sticky":false,"template":"","format":"standard","meta":{"give_campaign_id":0,"footnotes":""},"categories":[1],"tags":[],"class_list":["post-1615","post","type-post","status-publish","format-standard","has-post-thumbnail","hentry","category-uncategorized"],"_links":{"self":[{"href":"https:\/\/demos.uptitude.fr\/savviry1\/wp-json\/wp\/v2\/posts\/1615","targetHints":{"allow":["GET"]}}],"collection":[{"href":"https:\/\/demos.uptitude.fr\/savviry1\/wp-json\/wp\/v2\/posts"}],"about":[{"href":"https:\/\/demos.uptitude.fr\/savviry1\/wp-json\/wp\/v2\/types\/post"}],"author":[{"embeddable":true,"href":"https:\/\/demos.uptitude.fr\/savviry1\/wp-json\/wp\/v2\/users\/990005"}],"replies":[{"embeddable":true,"href":"https:\/\/demos.uptitude.fr\/savviry1\/wp-json\/wp\/v2\/comments?post=1615"}],"version-history":[{"count":0,"href":"https:\/\/demos.uptitude.fr\/savviry1\/wp-json\/wp\/v2\/posts\/1615\/revisions"}],"wp:featuredmedia":[{"embeddable":true,"href":"https:\/\/demos.uptitude.fr\/savviry1\/wp-json\/"}],"wp:attachment":[{"href":"https:\/\/demos.uptitude.fr\/savviry1\/wp-json\/wp\/v2\/media?parent=1615"}],"wp:term":[{"taxonomy":"category","embeddable":true,"href":"https:\/\/demos.uptitude.fr\/savviry1\/wp-json\/wp\/v2\/categories?post=1615"},{"taxonomy":"post_tag","embeddable":true,"href":"https:\/\/demos.uptitude.fr\/savviry1\/wp-json\/wp\/v2\/tags?post=1615"}],"curies":[{"name":"wp","href":"https:\/\/api.w.org\/{rel}","templated":true}]}}