{"id":1621,"date":"2019-02-16T14:21:34","date_gmt":"2019-02-16T14:21:34","guid":{"rendered":"http:\/\/www.savigny-viry-catholique.fr\/?p=1621"},"modified":"2019-02-16T14:21:34","modified_gmt":"2019-02-16T14:21:34","slug":"1621-2","status":"publish","type":"post","link":"https:\/\/demos.uptitude.fr\/savviry1\/1621-2\/","title":{"rendered":"Conf\u00e9rence de car\u00eame"},"content":{"rendered":"<h3 style=\"text-align: center;\">\u00ab\u00a0Gaudete et Exsultate\u00a0\u00bb<\/h3>\n<h3 style=\"text-align: center;\">\u00ab\u00a0l\u2019appel \u00e0 la saintet\u00e9 dans le monde contemporain\u00a0\u00bb.<\/h3>\n<h2 style=\"text-align: center;\">Conf\u00e9rence de Car\u00eame<\/h2>\n<h4 style=\"text-align: center;\"><strong>Tous les jeudis soirs de Car\u00eame,<br \/>\nun des fr\u00e8res dominicains de la communaut\u00e9 d\u2019Evry<br \/>\nnous pr\u00e9sentera un des cinq chapitres de l\u2019exhortation<br \/>\ncomme nourriture pour notre temps de Car\u00eame.<\/strong><\/h4>\n<p>T\u00e9l\u00e9chargez d\u00e8s \u00e0 pr\u00e9sent <a href=\"http:\/\/www.savigny-viry-catholique.fr\/Download\/doc\/Confe\u0301rences de Care\u0302me.pdf\" target=\"_blank\" rel=\"noopener noreferrer\" data-wplink-url-error=\"true\">ICI le programme<\/a>.<\/p>\n<p>les jeudis de Car\u00eame \u00e0 20h 30\u00a0dans les salles de l\u2019\u00e9glise du St-Esprit &#8211;\u00a053 boulevard Guynemer, Viry-Ch\u00e2tillon<\/p>\n<p>Pr\u00e9sentation \u2013 Echanges \u2013 Pri\u00e8re\u00a0 &#8211; par les fr\u00e8res dominicains d\u2019Evry<\/p>\n<p>.<\/p>\n","protected":false},"excerpt":{"rendered":"<p>\u00ab\u00a0Gaudete et Exsultate\u00a0\u00bb \u00ab\u00a0l\u2019appel \u00e0 la saintet\u00e9 dans le monde contemporain\u00a0\u00bb. Conf\u00e9rence de Car\u00eame Tous les jeudis soirs de Car\u00eame, un des fr\u00e8res dominicains de la communaut\u00e9 d\u2019Evry nous pr\u00e9sentera un des cinq chapitres de l\u2019exhortation comme nourriture pour&hellip;<\/p>\n","protected":false},"author":990005,"featured_media":1622,"comment_status":"closed","ping_status":"closed","sticky":false,"template":"","format":"standard","meta":{"give_campaign_id":0,"footnotes":""},"categories":[35],"tags":[],"class_list":["post-1621","post","type-post","status-publish","format-standard","has-post-thumbnail","hentry","category-conference"],"_links":{"self":[{"href":"https:\/\/demos.uptitude.fr\/savviry1\/wp-json\/wp\/v2\/posts\/1621","targetHints":{"allow":["GET"]}}],"collection":[{"href":"https:\/\/demos.uptitude.fr\/savviry1\/wp-json\/wp\/v2\/posts"}],"about":[{"href":"https:\/\/demos.uptitude.fr\/savviry1\/wp-json\/wp\/v2\/types\/post"}],"author":[{"embeddable":true,"href":"https:\/\/demos.uptitude.fr\/savviry1\/wp-json\/wp\/v2\/users\/990005"}],"replies":[{"embeddable":true,"href":"https:\/\/demos.uptitude.fr\/savviry1\/wp-json\/wp\/v2\/comments?post=1621"}],"version-history":[{"count":0,"href":"https:\/\/demos.uptitude.fr\/savviry1\/wp-json\/wp\/v2\/posts\/1621\/revisions"}],"wp:featuredmedia":[{"embeddable":true,"href":"https:\/\/demos.uptitude.fr\/savviry1\/wp-json\/"}],"wp:attachment":[{"href":"https:\/\/demos.uptitude.fr\/savviry1\/wp-json\/wp\/v2\/media?parent=1621"}],"wp:term":[{"taxonomy":"category","embeddable":true,"href":"https:\/\/demos.uptitude.fr\/savviry1\/wp-json\/wp\/v2\/categories?post=1621"},{"taxonomy":"post_tag","embeddable":true,"href":"https:\/\/demos.uptitude.fr\/savviry1\/wp-json\/wp\/v2\/tags?post=1621"}],"curies":[{"name":"wp","href":"https:\/\/api.w.org\/{rel}","templated":true}]}}