{"id":1638,"date":"2018-10-29T10:50:39","date_gmt":"2018-10-29T10:50:39","guid":{"rendered":"http:\/\/www.savigny-viry-catholique.fr\/?p=1638"},"modified":"2018-10-29T10:50:39","modified_gmt":"2018-10-29T10:50:39","slug":"lettre-des-peres-synodaux-aux-jeunes","status":"publish","type":"post","link":"https:\/\/demos.uptitude.fr\/savviry1\/lettre-des-peres-synodaux-aux-jeunes\/","title":{"rendered":"Lettre des p\u00e8res synodaux aux jeunes"},"content":{"rendered":"<p><img fetchpriority=\"high\" decoding=\"async\" class=\"size-medium wp-image-1637 alignright\" src=\"http:\/\/www.savigny-viry-catholique.fr\/wp-content\/uploads\/2018\/10\/synode_jeunes001-300x195.jpg\" alt=\"\" width=\"300\" height=\"195\" \/>Une lettre des p\u00e8res synodaux adress\u00e9e aux jeunes du monde a \u00e9t\u00e9 lue \u00e0 la fin de la messe de conclusion de l\u2019assembl\u00e9e du Synode des \u00e9v\u00eaques sur les jeunes, dimanche 28\u00a0octobre au Vatican\u00a0 ( Source La Croix)<\/p>\n<p>Une courte exhortation d\u2019une demi-page o\u00f9 les \u00e9v\u00eaques rappellent combien <strong>\u00ab\u00a0l\u2019\u00c9glise et le monde ont un besoin urgent de votre enthousiasme\u00a0\u00bb.<\/strong><\/p>\n<p>\u00ab\u00a0C\u2019est vers vous, jeunes du monde, que nous, p\u00e8res synodaux, voulons nous tourner, pour vous adresser des paroles d\u2019esp\u00e9rance, de confiance et de consolation. Ces jours-ci, nous nous sommes r\u00e9unis pour \u00e9couter J\u00e9sus, \u201cle Christ \u00e9ternellement jeune\u201d, dont la voix r\u00e9v\u00e8le vos propres voix, vos cris d\u2019exultation, vos plaintes\u2026 vos silences aussi\u2009!<\/p>\n<p>Nous connaissons vos qu\u00eates spirituelles, vos joies, vos esp\u00e9rances, vos douleurs, vos angoisses, vos inqui\u00e9tudes. Nous d\u00e9sirons aussi vous adresser une parole\u2009: nous voulons contribuer au d\u00e9veloppement de votre joie, pour que vos attentes se transforment en id\u00e9aux. Nous sommes s\u00fbrs que vous \u00eates pr\u00eats \u00e0 vous impliquer, avec votre joie de vivre, pour que vos r\u00eaves se r\u00e9alisent concr\u00e8tement dans votre vie quotidienne, et dans notre histoire humaine.<\/p>\n<p>Que nos faiblesses ne vous d\u00e9couragent pas, que les fragilit\u00e9s et les p\u00e9ch\u00e9s ne fassent pas obstacle \u00e0 votre foi. L\u2019\u00c9glise est votre m\u00e8re, elle ne vous abandonne pas, elle est pr\u00eate \u00e0 vous accompagner sur de nouveaux chemins, dans les hauteurs, l\u00e0 o\u00f9 le vent de l\u2019Esprit souffle plus fort, chassant les noirs nuages de l\u2019indiff\u00e9rence, de la superficialit\u00e9 et du d\u00e9couragement.<\/p>\n<p>Lorsque le monde, que Dieu aime au point de lui avoir donn\u00e9 son Fils J\u00e9sus, est repli\u00e9 sur les biens mat\u00e9riels, sur le succ\u00e8s imm\u00e9diat, sur le plaisir, lorsqu\u2019il broie les plus faibles, aidez-le \u00e0 se r\u00e9veiller et \u00e0 tourner son regard vers l\u2019amour, la beaut\u00e9, la v\u00e9rit\u00e9, la justice.<\/p>\n<p>Pendant un mois nous avons chemin\u00e9 ensemble, avec quelques-uns d\u2019entre vous et beaucoup d\u2019autres qui se sont unis \u00e0 nous par la pri\u00e8re et l\u2019affection. Nous d\u00e9sirons maintenant poursuivre ce chemin dans toutes les parties du monde, l\u00e0 o\u00f9 le Seigneur nous invite \u00e0 \u00eatre disciples missionnaires.<\/p>\n<p>L\u2019\u00c9glise et le monde ont un besoin urgent de votre enthousiasme. Faites-vous compagnons de route des plus fragiles et des plus pauvres, de tous les bless\u00e9s de la vie.<\/p>\n<p>Vous \u00eates le pr\u00e9sent, illuminez maintenant notre avenir.\u00a0\u00bb<\/p>\n","protected":false},"excerpt":{"rendered":"<p>Une lettre des p\u00e8res synodaux adress\u00e9e aux jeunes du monde a \u00e9t\u00e9 lue \u00e0 la fin de la messe de conclusion de l\u2019assembl\u00e9e du Synode des \u00e9v\u00eaques sur les jeunes, dimanche 28\u00a0octobre au Vatican\u00a0 ( Source La Croix) Une&hellip;<\/p>\n","protected":false},"author":990003,"featured_media":1637,"comment_status":"closed","ping_status":"closed","sticky":false,"template":"","format":"standard","meta":{"give_campaign_id":0,"footnotes":""},"categories":[1],"tags":[],"class_list":["post-1638","post","type-post","status-publish","format-standard","has-post-thumbnail","hentry","category-uncategorized"],"_links":{"self":[{"href":"https:\/\/demos.uptitude.fr\/savviry1\/wp-json\/wp\/v2\/posts\/1638","targetHints":{"allow":["GET"]}}],"collection":[{"href":"https:\/\/demos.uptitude.fr\/savviry1\/wp-json\/wp\/v2\/posts"}],"about":[{"href":"https:\/\/demos.uptitude.fr\/savviry1\/wp-json\/wp\/v2\/types\/post"}],"author":[{"embeddable":true,"href":"https:\/\/demos.uptitude.fr\/savviry1\/wp-json\/wp\/v2\/users\/990003"}],"replies":[{"embeddable":true,"href":"https:\/\/demos.uptitude.fr\/savviry1\/wp-json\/wp\/v2\/comments?post=1638"}],"version-history":[{"count":0,"href":"https:\/\/demos.uptitude.fr\/savviry1\/wp-json\/wp\/v2\/posts\/1638\/revisions"}],"wp:featuredmedia":[{"embeddable":true,"href":"https:\/\/demos.uptitude.fr\/savviry1\/wp-json\/"}],"wp:attachment":[{"href":"https:\/\/demos.uptitude.fr\/savviry1\/wp-json\/wp\/v2\/media?parent=1638"}],"wp:term":[{"taxonomy":"category","embeddable":true,"href":"https:\/\/demos.uptitude.fr\/savviry1\/wp-json\/wp\/v2\/categories?post=1638"},{"taxonomy":"post_tag","embeddable":true,"href":"https:\/\/demos.uptitude.fr\/savviry1\/wp-json\/wp\/v2\/tags?post=1638"}],"curies":[{"name":"wp","href":"https:\/\/api.w.org\/{rel}","templated":true}]}}