{"id":1646,"date":"2018-10-28T10:01:02","date_gmt":"2018-10-28T10:01:02","guid":{"rendered":"http:\/\/www.savigny-viry-catholique.fr\/?p=1646"},"modified":"2018-10-28T10:01:02","modified_gmt":"2018-10-28T10:01:02","slug":"journee-en-paroisse","status":"publish","type":"post","link":"https:\/\/demos.uptitude.fr\/savviry1\/journee-en-paroisse\/","title":{"rendered":"Journ\u00e9e En Paroisse"},"content":{"rendered":"<h1 style=\"text-align: center;\">Journ\u00e9e en paroisse pour tous<\/h1>\n<h2 style=\"text-align: center;\">Journ\u00e9e interg\u00e9n\u00e9rationnelle<\/h2>\n<h4><strong>animations<\/strong> Pour <strong>tous les<\/strong> \u00e2ges <strong>autour de la lumi\u00e8re<\/strong><\/h4>\n<h4><strong>\u00a02 d\u00e9cembre<\/strong> <strong>\u00e0 l\u2019\u00e9glise Ste Th\u00e9r\u00e8se <\/strong>et dans les salles autour.<\/h4>\n<h3><strong>Programme<\/strong><\/h3>\n<p><strong>\u00a0<\/strong><strong>D\u00e8s 09h30\u00a0\u00a0\u00a0\u00a0\u00a0\u00a0\u00a0\u00a0\u00a0\u00a0\u00a0\u00a0 Tous les enfants et les jeunes sont attendus<br \/>\n<\/strong>pour pr\u00e9parer ensemble notre participation \u00e0 la premi\u00e8re messe de l\u2019ann\u00e9e (liturgique), le temps d\u2019une cr\u00e9ation originale (chut secret).<\/p>\n<p><strong>10h30\u00a0\u00a0\u00a0\u00a0\u00a0\u00a0\u00a0\u00a0\u00a0\u00a0\u00a0\u00a0\u00a0\u00a0\u00a0\u00a0\u00a0\u00a0\u00a0\u00a0\u00a0 R\u00e9p\u00e9tition des chants \u00e0 l\u2019\u00e9glise.<\/strong><\/p>\n<p><strong>11h00\u00a0 \u00a0 \u00a0 \u00a0 \u00a0 \u00a0 \u00a0 \u00a0 \u00a0 \u00a0 \u00a0 Messe du premier dimanche de l\u2019Avent.<\/strong><\/p>\n<p><strong>12h15\u00a0\u00a0\u00a0\u00a0\u00a0\u00a0\u00a0\u00a0\u00a0\u00a0\u00a0\u00a0\u00a0\u00a0\u00a0\u00a0\u00a0\u00a0\u00a0\u00a0\u00a0 Ap\u00e9ritif offert\u00a0!<\/strong><\/p>\n<p><strong>12h45\u00a0\u00a0\u00a0\u00a0\u00a0\u00a0\u00a0\u00a0\u00a0\u00a0\u00a0\u00a0\u00a0\u00a0\u00a0\u00a0\u00a0\u00a0\u00a0\u00a0\u00a0 Pique-nique partag\u00e9 salle \u00ab\u00a0Espace P\u00e8re\u00a0<\/strong><strong>Coindreau\u00a0\u00bb<\/strong><\/p>\n<p><strong>14h00\u00a0\u00a0\u00a0\u00a0\u00a0\u00a0\u00a0\u00a0\u00a0\u00a0\u00a0\u00a0\u00a0\u00a0\u00a0\u00a0\u00a0\u00a0\u00a0\u00a0\u00a0 Atelier par \u00e2ge\u2026<\/strong>enfants, adolescents, adultes.<\/p>\n<p><strong>15h30\u00a0\u00a0\u00a0\u00a0\u00a0\u00a0\u00a0\u00a0\u00a0\u00a0\u00a0\u00a0\u00a0\u00a0\u00a0\u00a0\u00a0\u00a0\u00a0\u00a0\u00a0 Rangement\u2026 Merci\u2026 <\/strong><strong>et bon retour&#8230;<\/strong><\/p>\n<p>Le programme est aussi l\u00e0 :\u00a0<a href=\"http:\/\/www.savigny-viry-catholique.fr\/Download\/doc\/JEP-2018.pdf\" target=\"_blank\" rel=\"noopener\">Le programme du 02 d\u00e9cembre<\/a><\/p>\n","protected":false},"excerpt":{"rendered":"<p>Journ\u00e9e en paroisse pour tous Journ\u00e9e interg\u00e9n\u00e9rationnelle animations Pour tous les \u00e2ges autour de la lumi\u00e8re \u00a02 d\u00e9cembre \u00e0 l\u2019\u00e9glise Ste Th\u00e9r\u00e8se et dans les salles autour. Programme \u00a0D\u00e8s 09h30\u00a0\u00a0\u00a0\u00a0\u00a0\u00a0\u00a0\u00a0\u00a0\u00a0\u00a0\u00a0 Tous les enfants et les jeunes sont attendus pour&hellip;<\/p>\n","protected":false},"author":990005,"featured_media":1647,"comment_status":"closed","ping_status":"closed","sticky":false,"template":"","format":"standard","meta":{"give_campaign_id":0,"footnotes":""},"categories":[36],"tags":[],"class_list":["post-1646","post","type-post","status-publish","format-standard","has-post-thumbnail","hentry","category-fete-rassemblement"],"_links":{"self":[{"href":"https:\/\/demos.uptitude.fr\/savviry1\/wp-json\/wp\/v2\/posts\/1646","targetHints":{"allow":["GET"]}}],"collection":[{"href":"https:\/\/demos.uptitude.fr\/savviry1\/wp-json\/wp\/v2\/posts"}],"about":[{"href":"https:\/\/demos.uptitude.fr\/savviry1\/wp-json\/wp\/v2\/types\/post"}],"author":[{"embeddable":true,"href":"https:\/\/demos.uptitude.fr\/savviry1\/wp-json\/wp\/v2\/users\/990005"}],"replies":[{"embeddable":true,"href":"https:\/\/demos.uptitude.fr\/savviry1\/wp-json\/wp\/v2\/comments?post=1646"}],"version-history":[{"count":0,"href":"https:\/\/demos.uptitude.fr\/savviry1\/wp-json\/wp\/v2\/posts\/1646\/revisions"}],"wp:featuredmedia":[{"embeddable":true,"href":"https:\/\/demos.uptitude.fr\/savviry1\/wp-json\/"}],"wp:attachment":[{"href":"https:\/\/demos.uptitude.fr\/savviry1\/wp-json\/wp\/v2\/media?parent=1646"}],"wp:term":[{"taxonomy":"category","embeddable":true,"href":"https:\/\/demos.uptitude.fr\/savviry1\/wp-json\/wp\/v2\/categories?post=1646"},{"taxonomy":"post_tag","embeddable":true,"href":"https:\/\/demos.uptitude.fr\/savviry1\/wp-json\/wp\/v2\/tags?post=1646"}],"curies":[{"name":"wp","href":"https:\/\/api.w.org\/{rel}","templated":true}]}}