{"id":1672,"date":"2019-01-05T10:02:01","date_gmt":"2019-01-05T10:02:01","guid":{"rendered":"http:\/\/www.savigny-viry-catholique.fr\/?p=1672"},"modified":"2019-01-05T10:02:01","modified_gmt":"2019-01-05T10:02:01","slug":"repas-paroissial-de-bonne-annee","status":"publish","type":"post","link":"https:\/\/demos.uptitude.fr\/savviry1\/repas-paroissial-de-bonne-annee\/","title":{"rendered":"REPAS PAROISSIAL DE BONNE ANNEE"},"content":{"rendered":"<p><img decoding=\"async\" class=\"alignnone size-medium wp-image-1673\" src=\"http:\/\/www.savigny-viry-catholique.fr\/wp-content\/uploads\/2018\/12\/ZZZZZZZZ-Repas-copie-300x155.jpg\" alt=\"\" width=\"300\" height=\"155\"><\/p>\n<p>L\u2019Association Ste Th\u00e9r\u00e8se St Martin et l\u2019Equipe Animatrice vous invitent \u00e0 passer un moment convivial, pour se retrouver, faire connaissance, d\u00e9buter l\u2019ann\u00e9e 2019, autour d\u2019un<\/p>\n<p>REPAS PAROISSIAL<br \/>\n&#8211; Dimanche 20 janvier 2019 &#8211;<br \/>\n\u00e0 12h00 ESPACE PERE COINDREAU 23 rue des \u00e9coles.<\/p>\n<p>L&rsquo;occasion de (re)-d\u00e9couvrir des locaux r\u00e9nov\u00e9s et de se souhaiter une<\/p>\n<p>BONNE ANNEE&nbsp; 2019<\/p>\n<p>La participation aux frais est laiss\u00e9e \u00e0 la libert\u00e9 de chacun.<\/p>\n<p>Pour nous permettre de conna\u00eetre le nombre de convives, merci de vous inscrire ici :<\/p>\n<p><a href=\"https:\/\/www.inscription-facile.com\/form\/UOKIY85AyuHwKtwkUZOC\">https:\/\/www.inscription-facile.com\/form\/UOKIY85AyuHwKtwkUZOC<\/a><\/p>\n","protected":false},"excerpt":{"rendered":"<p>L\u2019Association Ste Th\u00e9r\u00e8se St Martin et l\u2019Equipe Animatrice vous invitent \u00e0 passer un moment convivial, pour se retrouver, faire connaissance, d\u00e9buter l\u2019ann\u00e9e 2019, autour d\u2019un REPAS PAROISSIAL &#8211; Dimanche 20 janvier 2019 &#8211; \u00e0 12h00 ESPACE PERE COINDREAU 23&hellip;<\/p>\n","protected":false},"author":990003,"featured_media":1676,"comment_status":"closed","ping_status":"closed","sticky":false,"template":"","format":"standard","meta":{"give_campaign_id":0,"footnotes":""},"categories":[36],"tags":[],"class_list":["post-1672","post","type-post","status-publish","format-standard","has-post-thumbnail","hentry","category-fete-rassemblement"],"_links":{"self":[{"href":"https:\/\/demos.uptitude.fr\/savviry1\/wp-json\/wp\/v2\/posts\/1672","targetHints":{"allow":["GET"]}}],"collection":[{"href":"https:\/\/demos.uptitude.fr\/savviry1\/wp-json\/wp\/v2\/posts"}],"about":[{"href":"https:\/\/demos.uptitude.fr\/savviry1\/wp-json\/wp\/v2\/types\/post"}],"author":[{"embeddable":true,"href":"https:\/\/demos.uptitude.fr\/savviry1\/wp-json\/wp\/v2\/users\/990003"}],"replies":[{"embeddable":true,"href":"https:\/\/demos.uptitude.fr\/savviry1\/wp-json\/wp\/v2\/comments?post=1672"}],"version-history":[{"count":0,"href":"https:\/\/demos.uptitude.fr\/savviry1\/wp-json\/wp\/v2\/posts\/1672\/revisions"}],"wp:featuredmedia":[{"embeddable":true,"href":"https:\/\/demos.uptitude.fr\/savviry1\/wp-json\/"}],"wp:attachment":[{"href":"https:\/\/demos.uptitude.fr\/savviry1\/wp-json\/wp\/v2\/media?parent=1672"}],"wp:term":[{"taxonomy":"category","embeddable":true,"href":"https:\/\/demos.uptitude.fr\/savviry1\/wp-json\/wp\/v2\/categories?post=1672"},{"taxonomy":"post_tag","embeddable":true,"href":"https:\/\/demos.uptitude.fr\/savviry1\/wp-json\/wp\/v2\/tags?post=1672"}],"curies":[{"name":"wp","href":"https:\/\/api.w.org\/{rel}","templated":true}]}}