{"id":1725,"date":"2019-12-16T22:06:00","date_gmt":"2019-12-16T22:06:00","guid":{"rendered":"http:\/\/www.savigny-viry-catholique.fr\/?p=1725"},"modified":"2019-12-16T22:06:00","modified_gmt":"2019-12-16T22:06:00","slug":"unite-des-chretiens","status":"publish","type":"post","link":"https:\/\/demos.uptitude.fr\/savviry1\/unite-des-chretiens\/","title":{"rendered":"Unit\u00e9 des chr\u00e9tiens 18 au 25 janvier"},"content":{"rendered":"\n<h1 class=\"rich-text editor-rich-text__editable block-editor-rich-text__editable is-selected\" style=\"text-align: center;\" role=\"textbox\" contenteditable=\"true\" aria-multiline=\"true\" aria-label=\"R\u00e9digez un titre\u2026\">\u00ab Ils nous ont t\u00e9moign\u00e9 <br \/>une humanit\u00e9 peu ordinaire \u00bb <br \/>(Actes 28,2)<\/h1>\n\n\n\n<p><strong>C\u00e9l\u00e9bration \u0153cum\u00e9nique des communaut\u00e9s locales. <br \/><\/strong>Vendredi 17 Janvier 2020 &#8211;\u00a0 \u00c9glise \u00c9vang\u00e9lique Libre <br \/><em>20h30 &#8211; <\/em>213 route de Fleury\u00a0&#8211; VIRY-CHATILLON <\/p>\n\n\n\n<p><strong>C\u00e9l\u00e9bration \u0153cum\u00e9nique d\u00e9partementale. <br \/><\/strong>Vendredi 24 janvier \u2013\u2013 \u00c9glise luth\u00e9rienne Saint-Marc <br \/> 20h30 place Antoine de Saint-Exup\u00e9ry\u00a0\u00a0\u00a0 Massy. <br \/> <\/p>\n\n\n\n<p><strong>La Semaine de pri\u00e8re pour l\u2019unit\u00e9 des chr\u00e9tiens<\/strong><\/p>\n\n\n\n<p>Chaque ann\u00e9e, le principal temps fort \u0153cum\u00e9nique demeure la \u00ab Semaine de\npri\u00e8re pour l\u2019unit\u00e9 chr\u00e9tienne \u00bb qui, depuis 1908,&nbsp;rassemble des chr\u00e9tiens\nde toutes confessions du 18 au 25 janvier.<\/p>\n\n\n\n<h1 class=\"wp-block-heading\"><\/h1>\n\n\n\n<p><strong><br \/>Pour 2020, les chr\u00e9tiens de Malte et Gozo ont choisi le texte des Actes des Ap\u00f4tres, chapitre 28, le naufrage de Paul \u00e0 Malte pour soutenir notre pri\u00e8re.<\/strong><\/p>\n\n\n\n<p>Tous les ans, les chr\u00e9tiens maltais rendent gr\u00e2ce pour cet \u00e9v\u00e8nement \u00e0 l\u2019origine de la foi chr\u00e9tienne dans l\u2019\u00eele. L\u2019hospitalit\u00e9 n\u2019est pas une vertu sp\u00e9cifiquement chr\u00e9tienne et d\u2019ailleurs ceux qui accueillent Paul et ses compagnons d\u2019infortune font preuve avant tout \u00ab d\u2019humanit\u00e9 \u00bb dans leur hospitalit\u00e9. Cette Semaine, mettons-nous donc en situation d\u2019h\u00f4tes de l\u2019unit\u00e9 comme un don du Christ fait \u00e0 son \u00c9glise. Peut-\u00eatre nous faudra t-il comme les passagers du bateau de Paul \u00ab jeter du fret par-dessus bord \u00bb mais nous pourrons ainsi faire preuve d\u2019hospitalit\u00e9 envers les chr\u00e9tiens d\u2019autres confessions, envers nos prochains si diff\u00e9rents soient-ils, envers les \u00e9trangers\u2026\u00a0<\/p>\n\n\n\n<p>Source : <a href=\"https:\/\/semainedepriere.unitedeschretiens.fr\/\">https:\/\/semainedepriere.unitedeschretiens.fr\/<\/a> <\/p>\n\n\n","protected":false},"excerpt":{"rendered":"<p>C\u00e9l\u00e9bration \u0153cum\u00e9nique des communaut\u00e9s locales. Vendredi 17 Janvier 2020 &#8211;\u00a0 \u00c9glise \u00c9vang\u00e9lique Libre 20h30 &#8211; 213 route de Fleury\u00a0&#8211; VIRY-CHATILLON C\u00e9l\u00e9bration \u0153cum\u00e9nique d\u00e9partementale. Vendredi 24 janvier \u2013\u2013 \u00c9glise luth\u00e9rienne Saint-Marc 20h30 place Antoine de Saint-Exup\u00e9ry\u00a0\u00a0\u00a0 Massy. La Semaine de&hellip;<\/p>\n","protected":false},"author":990005,"featured_media":2215,"comment_status":"closed","ping_status":"closed","sticky":false,"template":"","format":"standard","meta":{"give_campaign_id":0,"footnotes":""},"categories":[37],"tags":[],"class_list":["post-1725","post","type-post","status-publish","format-standard","has-post-thumbnail","hentry","category-horaires"],"_links":{"self":[{"href":"https:\/\/demos.uptitude.fr\/savviry1\/wp-json\/wp\/v2\/posts\/1725","targetHints":{"allow":["GET"]}}],"collection":[{"href":"https:\/\/demos.uptitude.fr\/savviry1\/wp-json\/wp\/v2\/posts"}],"about":[{"href":"https:\/\/demos.uptitude.fr\/savviry1\/wp-json\/wp\/v2\/types\/post"}],"author":[{"embeddable":true,"href":"https:\/\/demos.uptitude.fr\/savviry1\/wp-json\/wp\/v2\/users\/990005"}],"replies":[{"embeddable":true,"href":"https:\/\/demos.uptitude.fr\/savviry1\/wp-json\/wp\/v2\/comments?post=1725"}],"version-history":[{"count":0,"href":"https:\/\/demos.uptitude.fr\/savviry1\/wp-json\/wp\/v2\/posts\/1725\/revisions"}],"wp:featuredmedia":[{"embeddable":true,"href":"https:\/\/demos.uptitude.fr\/savviry1\/wp-json\/"}],"wp:attachment":[{"href":"https:\/\/demos.uptitude.fr\/savviry1\/wp-json\/wp\/v2\/media?parent=1725"}],"wp:term":[{"taxonomy":"category","embeddable":true,"href":"https:\/\/demos.uptitude.fr\/savviry1\/wp-json\/wp\/v2\/categories?post=1725"},{"taxonomy":"post_tag","embeddable":true,"href":"https:\/\/demos.uptitude.fr\/savviry1\/wp-json\/wp\/v2\/tags?post=1725"}],"curies":[{"name":"wp","href":"https:\/\/api.w.org\/{rel}","templated":true}]}}