{"id":1734,"date":"2019-01-17T13:29:07","date_gmt":"2019-01-17T13:29:07","guid":{"rendered":"http:\/\/www.savigny-viry-catholique.fr\/?p=1734"},"modified":"2019-01-17T13:29:07","modified_gmt":"2019-01-17T13:29:07","slug":"synode-le-rapport","status":"publish","type":"post","link":"https:\/\/demos.uptitude.fr\/savviry1\/synode-le-rapport\/","title":{"rendered":"Synode &#8211; Le rapport"},"content":{"rendered":"\n<div class=\"wp-block-image\"><figure class=\"aligncenter\"><img decoding=\"async\" src=\"http:\/\/www.savigny-viry-catholique.fr\/wp-content\/uploads\/2018\/10\/synode-1.jpg\" alt=\"\"\/><\/figure><\/div>\n\n\n\n<p>Synode 2018 \u2013 Synode des Jeunes, synth\u00e8se du document final Trois parties, 12 chapitres, 167 paragraphes, 60 pages : c\u2019est ainsi que se pr\u00e9sente le Document final de la XVe Assembl\u00e9e g\u00e9n\u00e9rale ordinaire du Synode des \u00e9v\u00eaques, sur le th\u00e8me \u201cLes jeunes, la foi et le discernement vocationnel\u201d. Lire un r\u00e9sum\u00e9 propos\u00e9 par les services du vatican :  <a rel=\"noreferrer noopener\" aria-label=\" (s\u2019ouvre dans un nouvel onglet)\" href=\"https:\/\/www.vaticannews.va\/fr\/vatican\/news\/2018-10\/synode-jeunes-2018-synthese-document-final.html\" target=\"_blank\">https:\/\/www.vaticannews.va\/fr\/vatican\/news\/2018-10\/synode-jeunes-2018-synthese-document-final.html<\/a><\/p>\n\n\n\n<p><\/p>\n","protected":false},"excerpt":{"rendered":"<p>Synode 2018 \u2013 Synode des Jeunes, synth\u00e8se du document final Trois parties, 12 chapitres, 167 paragraphes, 60 pages : c\u2019est ainsi que se pr\u00e9sente le Document final de la XVe Assembl\u00e9e g\u00e9n\u00e9rale ordinaire du Synode des \u00e9v\u00eaques, sur le&hellip;<\/p>\n","protected":false},"author":990005,"featured_media":1617,"comment_status":"closed","ping_status":"closed","sticky":false,"template":"","format":"standard","meta":{"give_campaign_id":0,"footnotes":""},"categories":[38],"tags":[],"class_list":["post-1734","post","type-post","status-publish","format-standard","has-post-thumbnail","hentry","category-officiel"],"_links":{"self":[{"href":"https:\/\/demos.uptitude.fr\/savviry1\/wp-json\/wp\/v2\/posts\/1734","targetHints":{"allow":["GET"]}}],"collection":[{"href":"https:\/\/demos.uptitude.fr\/savviry1\/wp-json\/wp\/v2\/posts"}],"about":[{"href":"https:\/\/demos.uptitude.fr\/savviry1\/wp-json\/wp\/v2\/types\/post"}],"author":[{"embeddable":true,"href":"https:\/\/demos.uptitude.fr\/savviry1\/wp-json\/wp\/v2\/users\/990005"}],"replies":[{"embeddable":true,"href":"https:\/\/demos.uptitude.fr\/savviry1\/wp-json\/wp\/v2\/comments?post=1734"}],"version-history":[{"count":0,"href":"https:\/\/demos.uptitude.fr\/savviry1\/wp-json\/wp\/v2\/posts\/1734\/revisions"}],"wp:featuredmedia":[{"embeddable":true,"href":"https:\/\/demos.uptitude.fr\/savviry1\/wp-json\/"}],"wp:attachment":[{"href":"https:\/\/demos.uptitude.fr\/savviry1\/wp-json\/wp\/v2\/media?parent=1734"}],"wp:term":[{"taxonomy":"category","embeddable":true,"href":"https:\/\/demos.uptitude.fr\/savviry1\/wp-json\/wp\/v2\/categories?post=1734"},{"taxonomy":"post_tag","embeddable":true,"href":"https:\/\/demos.uptitude.fr\/savviry1\/wp-json\/wp\/v2\/tags?post=1734"}],"curies":[{"name":"wp","href":"https:\/\/api.w.org\/{rel}","templated":true}]}}