{"id":1777,"date":"2019-01-26T13:40:02","date_gmt":"2019-01-26T13:40:02","guid":{"rendered":"http:\/\/www.savigny-viry-catholique.fr\/?p=1777"},"modified":"2019-01-26T13:40:02","modified_gmt":"2019-01-26T13:40:02","slug":"foi-homosexualite","status":"publish","type":"post","link":"https:\/\/demos.uptitude.fr\/savviry1\/foi-homosexualite\/","title":{"rendered":"Foi &#038; Homosexualit\u00e9"},"content":{"rendered":"\n<p>L\u2019\u00e9quipe dioc\u00e9saine de la pastorale des personnes concern\u00e9es par l\u2019homosexualit\u00e9, organise un cycle de 4 rencontres en f\u00e9vrier et mars 2019 \u00e0 Orsay et Dourdan. 4 soir\u00e9es pour :<\/p>\n\n\n\n<ul class=\"wp-block-list\"><li>Mieux accueillir les personnes homosexuelles dans nos familles et nos communaut\u00e9s.<\/li><li>Comprendre ce qui nous d\u00e9range parfois face \u00e0 cette diff\u00e9rence.<\/li><li>Approcher la diversit\u00e9 des situations familiales et des choix de vie li\u00e9s \u00e0 cette diff\u00e9rence.<\/li><li>Gagner en fraternit\u00e9 pour faire communaut\u00e9 avec tous.<br \/> Un cycle coh\u00e9rent de 4 soir\u00e9es : <\/li><li>une premi\u00e8re soir\u00e9e consacr\u00e9e au film \u00ab le ciel sur la t\u00eate \u00bb, une soir\u00e9e de partage<\/li><li>puis 2 s\u00e9ances avec des intervenants reconnus au niveau national et des t\u00e9moignages de personnes concern\u00e9es.<\/li><li>Mardis 5 et 19 f\u00e9vrier 2019 \u2013 de 20h30 \u00e0 22h30 \u2013 Dourdan, salle Jeanne d\u2019Arc, 19 rue Jub\u00e9 de la P\u00e9relle et simultan\u00e9ment \u00e0 Orsay, la Clart\u00e9-Dieu, 95 rue de Paris.<\/li><li>Mardi 5 mars 2019 \u2013 de 20h30 \u00e0 22h30 \u2013 \u00e0 Orsay, la Clart\u00e9-Dieu, 95 rue de Paris, uniquement.<\/li><li>Mardi 19 mars 2019 \u2013 de 20h30 \u00e0 22h30 \u2013 Dourdan, salle Jeanne d\u2019Arc, 19 rue Jub\u00e9 de la P\u00e9relle, uniquement.<\/li><li>Contact : enparlerlibrement [at] eveche-evry.com<\/li><li>T\u00e9l\u00e9charger le tract :<a rel=\"noreferrer noopener\" aria-label=\" (s\u2019ouvre dans un nouvel onglet)\" href=\"https:\/\/evry.catholique.fr\/IMG\/pdf\/2018-11-23_Foi-et-homosexualite.pdf\" target=\"_blank\">https:\/\/evry.catholique.fr\/IMG\/pdf\/2018-11-23_Foi-et-homosexualite.pdf<\/a><\/li><\/ul>\n","protected":false},"excerpt":{"rendered":"<p>L\u2019\u00e9quipe dioc\u00e9saine de la pastorale des personnes concern\u00e9es par l\u2019homosexualit\u00e9, organise un cycle de 4 rencontres en f\u00e9vrier et mars 2019 \u00e0 Orsay et Dourdan. 4 soir\u00e9es pour : Mieux accueillir les personnes homosexuelles dans nos familles et nos&hellip;<\/p>\n","protected":false},"author":990005,"featured_media":1779,"comment_status":"closed","ping_status":"closed","sticky":false,"template":"","format":"standard","meta":{"give_campaign_id":0,"footnotes":""},"categories":[35],"tags":[],"class_list":["post-1777","post","type-post","status-publish","format-standard","has-post-thumbnail","hentry","category-conference"],"_links":{"self":[{"href":"https:\/\/demos.uptitude.fr\/savviry1\/wp-json\/wp\/v2\/posts\/1777","targetHints":{"allow":["GET"]}}],"collection":[{"href":"https:\/\/demos.uptitude.fr\/savviry1\/wp-json\/wp\/v2\/posts"}],"about":[{"href":"https:\/\/demos.uptitude.fr\/savviry1\/wp-json\/wp\/v2\/types\/post"}],"author":[{"embeddable":true,"href":"https:\/\/demos.uptitude.fr\/savviry1\/wp-json\/wp\/v2\/users\/990005"}],"replies":[{"embeddable":true,"href":"https:\/\/demos.uptitude.fr\/savviry1\/wp-json\/wp\/v2\/comments?post=1777"}],"version-history":[{"count":0,"href":"https:\/\/demos.uptitude.fr\/savviry1\/wp-json\/wp\/v2\/posts\/1777\/revisions"}],"wp:featuredmedia":[{"embeddable":true,"href":"https:\/\/demos.uptitude.fr\/savviry1\/wp-json\/"}],"wp:attachment":[{"href":"https:\/\/demos.uptitude.fr\/savviry1\/wp-json\/wp\/v2\/media?parent=1777"}],"wp:term":[{"taxonomy":"category","embeddable":true,"href":"https:\/\/demos.uptitude.fr\/savviry1\/wp-json\/wp\/v2\/categories?post=1777"},{"taxonomy":"post_tag","embeddable":true,"href":"https:\/\/demos.uptitude.fr\/savviry1\/wp-json\/wp\/v2\/tags?post=1777"}],"curies":[{"name":"wp","href":"https:\/\/api.w.org\/{rel}","templated":true}]}}