{"id":1782,"date":"2019-01-18T17:19:59","date_gmt":"2019-01-18T17:19:59","guid":{"rendered":"http:\/\/www.savigny-viry-catholique.fr\/?p=1782"},"modified":"2019-01-18T17:19:59","modified_gmt":"2019-01-18T17:19:59","slug":"1782-2","status":"publish","type":"post","link":"https:\/\/demos.uptitude.fr\/savviry1\/1782-2\/","title":{"rendered":"I.A. : Intelligence Artificielle"},"content":{"rendered":"\n<figure class=\"wp-block-image\"><img decoding=\"async\" src=\"http:\/\/www.savigny-viry-catholique.fr\/wp-content\/uploads\/2019\/01\/IA.jpg\" alt=\"\" class=\"wp-image-1783\"\/><\/figure>\n\n\n\n<h2 class=\"wp-block-heading\">I.A. : <strong>Intelligence Artificielle<\/strong><\/h2>\n\n\n\n<p>Du mythe \u00e0 la r\u00e9alit\u00e9\nentre angoisse et espoir<\/p>\n\n\n\n<p><strong>Vendredi 8\nf\u00e9vrier 2019 de 18h00&nbsp; \u00e0 20h30, \u00e0 l\u2019Espace P. Coindreau.<\/strong><\/p>\n\n\n\n<p><br \/>\nA partir d\u2019un film de science-fiction, Herv\u00e9 Pottier* <br \/>\nfera le point sur&nbsp; l\u2019I.A. aujourd\u2019hui et les perspectives futures.<\/p>\n\n\n\n<p>L\u2019ensemble des services et des professions est boulevers\u00e9 par les \u201cnouvelles technologies\u201d qu\u2019on appelle \u201c l\u2019Intelligence Artificielle \u00a0\u00bb ou IA.<br \/> L&rsquo;IA est devenue un sujet en vogue dans les m\u00e9dias et magazines scientifiques<br \/> Des robots op\u00e8rent, fabriquent, traduisent etc&#8230; des machines apprennent&#8230;&nbsp; <\/p>\n\n\n\n<h2 class=\"wp-block-heading\"><strong>l\u2019homme serait-il rempla\u00e7able ?<\/strong><br \/> <br \/> <\/h2>\n\n\n\n<p><strong>*&nbsp; Herv\u00e9 Pottier<\/strong>, <em>Ing\u00e9nieur en \u00e9lectronique, Direction technique\n\u00e0 la Soci\u00e9t\u00e9 CS Communication &amp; Syst\u00e8mes, Secr\u00e9taire G\u00e9n\u00e9ral au sein du\ngroupe europ\u00e9en EUROCAE dans le cadre de la normalisation des communications\nsur Internet pour l\u2019Aviation Civile, <\/em>Pr\u00e9sident de l\u2019ASTSM, animera la\nconf\u00e9rence-d\u00e9bat.<\/p>\n","protected":false},"excerpt":{"rendered":"<p>I.A. : Intelligence Artificielle Du mythe \u00e0 la r\u00e9alit\u00e9 entre angoisse et espoir Vendredi 8 f\u00e9vrier 2019 de 18h00&nbsp; \u00e0 20h30, \u00e0 l\u2019Espace P. Coindreau. A partir d\u2019un film de science-fiction, Herv\u00e9 Pottier* fera le point sur&nbsp; l\u2019I.A. aujourd\u2019hui&hellip;<\/p>\n","protected":false},"author":990005,"featured_media":1783,"comment_status":"closed","ping_status":"closed","sticky":false,"template":"","format":"standard","meta":{"give_campaign_id":0,"footnotes":""},"categories":[35],"tags":[],"class_list":["post-1782","post","type-post","status-publish","format-standard","has-post-thumbnail","hentry","category-conference"],"_links":{"self":[{"href":"https:\/\/demos.uptitude.fr\/savviry1\/wp-json\/wp\/v2\/posts\/1782","targetHints":{"allow":["GET"]}}],"collection":[{"href":"https:\/\/demos.uptitude.fr\/savviry1\/wp-json\/wp\/v2\/posts"}],"about":[{"href":"https:\/\/demos.uptitude.fr\/savviry1\/wp-json\/wp\/v2\/types\/post"}],"author":[{"embeddable":true,"href":"https:\/\/demos.uptitude.fr\/savviry1\/wp-json\/wp\/v2\/users\/990005"}],"replies":[{"embeddable":true,"href":"https:\/\/demos.uptitude.fr\/savviry1\/wp-json\/wp\/v2\/comments?post=1782"}],"version-history":[{"count":0,"href":"https:\/\/demos.uptitude.fr\/savviry1\/wp-json\/wp\/v2\/posts\/1782\/revisions"}],"wp:featuredmedia":[{"embeddable":true,"href":"https:\/\/demos.uptitude.fr\/savviry1\/wp-json\/"}],"wp:attachment":[{"href":"https:\/\/demos.uptitude.fr\/savviry1\/wp-json\/wp\/v2\/media?parent=1782"}],"wp:term":[{"taxonomy":"category","embeddable":true,"href":"https:\/\/demos.uptitude.fr\/savviry1\/wp-json\/wp\/v2\/categories?post=1782"},{"taxonomy":"post_tag","embeddable":true,"href":"https:\/\/demos.uptitude.fr\/savviry1\/wp-json\/wp\/v2\/tags?post=1782"}],"curies":[{"name":"wp","href":"https:\/\/api.w.org\/{rel}","templated":true}]}}