{"id":1788,"date":"2019-01-24T10:48:01","date_gmt":"2019-01-24T10:48:01","guid":{"rendered":"http:\/\/www.savigny-viry-catholique.fr\/?p=1788"},"modified":"2019-01-24T10:48:01","modified_gmt":"2019-01-24T10:48:01","slug":"journee-mondiale-des-malades-pastorale-de-la-sante","status":"publish","type":"post","link":"https:\/\/demos.uptitude.fr\/savviry1\/journee-mondiale-des-malades-pastorale-de-la-sante\/","title":{"rendered":"Journ\u00e9e Mondiale des Malades  Pastorale de la sant\u00e9"},"content":{"rendered":"\n<h2 class=\"wp-block-heading\" style=\"text-align:center\"> Journ\u00e9e Mondiale des Malades <br \/>Pastorale de la sant\u00e9 <\/h2>\n\n\n\n<p> <br \/>Depuis 1992, l\u2019\u00c9glise Universelle c\u00e9l\u00e8bre tous les 11 f\u00e9vrier (f\u00eate de Notre-Dame de Lourdes), <br \/><strong>la Journ\u00e9e Mondiale des Malades<\/strong>. Celle-ci se d\u00e9cline dans les dioc\u00e8ses fran\u00e7ais en un <strong>dimanche de la Sant\u00e9,<\/strong> qui est l\u2019occasion de rappeler que l\u2019accompagnement des personnes souffrantes est une priorit\u00e9 \u00e9vang\u00e9lique, mais aussi de sensibiliser chacun pour pr\u00e9server le don de la sant\u00e9.<\/p>\n\n\n\n<p><strong>Cette ann\u00e9e, la journ\u00e9e mondiale des malades a comme th\u00e8me \u00ab T\u00e9moin d\u2019une bonne nouvelle \u00bb.<\/strong> <\/p>\n\n\n\n<p>Dans notre secteur, au cours de la messe dominicale, nous c\u00e9l\u00e9brerons en communaut\u00e9 le sacrement des malades. Ce sacrement est destin\u00e9 \u00e0 des personnes tr\u00e8s malades, ou portant un lourd handicap et ne l\u2019ayant jamais re\u00e7u dans ce cadre. Il n\u2019est donc pas dans la foi de l\u2019\u00e9glise de s\u2019y pr\u00e9senter lorsqu\u2019on souffre d\u2019un rhume ou d\u2019une grippe&#8230;Ou lorsqu\u2019on l\u2019a d\u00e9j\u00e0 re\u00e7u pour la m\u00eame affection. <br \/><strong>Le sacrement sera administr\u00e9 : \u00e0 ceux qui se seraient au pr\u00e9alable inscrits <\/strong>dans les permanences d\u2019accueil \u00e0 Savigny et \u00e0 Viry. <\/p>\n\n\n\n<p><strong>Messes dominicales avec c\u00e9l\u00e9bration sacrement des malades <\/strong><br \/><strong>Dimanche 10 F\u00e9vrier \u00e0 9h30 en l\u2019\u00e9glise Sainte Bernadette \u00e0 Viry Chatillon <\/strong><br \/><strong>Dimanche 10 F\u00e9vrier \u00e0 11h en l\u2019\u00e9glise Ste Th\u00e9r\u00e8se \u00e0 Savigny sur Orge <\/strong><\/p>\n","protected":false},"excerpt":{"rendered":"<p>Journ\u00e9e Mondiale des Malades Pastorale de la sant\u00e9 Depuis 1992, l\u2019\u00c9glise Universelle c\u00e9l\u00e8bre tous les 11 f\u00e9vrier (f\u00eate de Notre-Dame de Lourdes), la Journ\u00e9e Mondiale des Malades. Celle-ci se d\u00e9cline dans les dioc\u00e8ses fran\u00e7ais en un dimanche de la&hellip;<\/p>\n","protected":false},"author":990005,"featured_media":1799,"comment_status":"closed","ping_status":"closed","sticky":false,"template":"","format":"standard","meta":{"give_campaign_id":0,"footnotes":""},"categories":[36],"tags":[],"class_list":["post-1788","post","type-post","status-publish","format-standard","has-post-thumbnail","hentry","category-fete-rassemblement"],"_links":{"self":[{"href":"https:\/\/demos.uptitude.fr\/savviry1\/wp-json\/wp\/v2\/posts\/1788","targetHints":{"allow":["GET"]}}],"collection":[{"href":"https:\/\/demos.uptitude.fr\/savviry1\/wp-json\/wp\/v2\/posts"}],"about":[{"href":"https:\/\/demos.uptitude.fr\/savviry1\/wp-json\/wp\/v2\/types\/post"}],"author":[{"embeddable":true,"href":"https:\/\/demos.uptitude.fr\/savviry1\/wp-json\/wp\/v2\/users\/990005"}],"replies":[{"embeddable":true,"href":"https:\/\/demos.uptitude.fr\/savviry1\/wp-json\/wp\/v2\/comments?post=1788"}],"version-history":[{"count":0,"href":"https:\/\/demos.uptitude.fr\/savviry1\/wp-json\/wp\/v2\/posts\/1788\/revisions"}],"wp:featuredmedia":[{"embeddable":true,"href":"https:\/\/demos.uptitude.fr\/savviry1\/wp-json\/"}],"wp:attachment":[{"href":"https:\/\/demos.uptitude.fr\/savviry1\/wp-json\/wp\/v2\/media?parent=1788"}],"wp:term":[{"taxonomy":"category","embeddable":true,"href":"https:\/\/demos.uptitude.fr\/savviry1\/wp-json\/wp\/v2\/categories?post=1788"},{"taxonomy":"post_tag","embeddable":true,"href":"https:\/\/demos.uptitude.fr\/savviry1\/wp-json\/wp\/v2\/tags?post=1788"}],"curies":[{"name":"wp","href":"https:\/\/api.w.org\/{rel}","templated":true}]}}