{"id":1804,"date":"2019-02-14T12:43:15","date_gmt":"2019-02-14T12:43:15","guid":{"rendered":"http:\/\/www.savigny-viry-catholique.fr\/?p=1804"},"modified":"2019-02-14T12:43:15","modified_gmt":"2019-02-14T12:43:15","slug":"table-ouverte","status":"publish","type":"post","link":"https:\/\/demos.uptitude.fr\/savviry1\/table-ouverte\/","title":{"rendered":"Table ouverte &#8230;"},"content":{"rendered":"\n<p><strong>Ce qui sera apport\u00e9 par chacun sera partag\u00e9 entre tous. <\/strong><br \/><strong>N&rsquo;h\u00e9sitons pas \u00e0 venir et \u00e0 inviter.<\/strong><\/p>\n\n\n\n<p>Un temps de convivialit\u00e9. <br \/>Pour le plaisir de passer un moment ensemble.<\/p>\n\n\n\n<p><br \/><\/p>\n\n\n\n<p><strong>Samedi 09 mars \u00e0 19h30 : <\/strong>Ce mois-ci, sera \u00e0 la salle Madeleine DELBREL (sous l&rsquo;\u00e9glise N.D. d&rsquo;Esp\u00e9rance).<\/p>\n\n\n\n<p>L&rsquo;\u00e9quipe animatrice propose \u00e0 ceux qui le souhaitent de partager un repas. <\/p>\n\n\n\n<figure class=\"wp-block-image\"><img decoding=\"async\" src=\"http:\/\/www.savigny-viry-catholique.fr\/wp-content\/uploads\/2019\/02\/FRATERNITE.jpg\" alt=\"\" class=\"wp-image-1805\"\/><\/figure>\n","protected":false},"excerpt":{"rendered":"<p>Ce qui sera apport\u00e9 par chacun sera partag\u00e9 entre tous. N&rsquo;h\u00e9sitons pas \u00e0 venir et \u00e0 inviter. Un temps de convivialit\u00e9. Pour le plaisir de passer un moment ensemble. Samedi 09 mars \u00e0 19h30 : Ce mois-ci, sera \u00e0&hellip;<\/p>\n","protected":false},"author":990005,"featured_media":1806,"comment_status":"closed","ping_status":"closed","sticky":false,"template":"","format":"standard","meta":{"give_campaign_id":0,"footnotes":""},"categories":[1],"tags":[],"class_list":["post-1804","post","type-post","status-publish","format-standard","has-post-thumbnail","hentry","category-uncategorized"],"_links":{"self":[{"href":"https:\/\/demos.uptitude.fr\/savviry1\/wp-json\/wp\/v2\/posts\/1804","targetHints":{"allow":["GET"]}}],"collection":[{"href":"https:\/\/demos.uptitude.fr\/savviry1\/wp-json\/wp\/v2\/posts"}],"about":[{"href":"https:\/\/demos.uptitude.fr\/savviry1\/wp-json\/wp\/v2\/types\/post"}],"author":[{"embeddable":true,"href":"https:\/\/demos.uptitude.fr\/savviry1\/wp-json\/wp\/v2\/users\/990005"}],"replies":[{"embeddable":true,"href":"https:\/\/demos.uptitude.fr\/savviry1\/wp-json\/wp\/v2\/comments?post=1804"}],"version-history":[{"count":0,"href":"https:\/\/demos.uptitude.fr\/savviry1\/wp-json\/wp\/v2\/posts\/1804\/revisions"}],"wp:featuredmedia":[{"embeddable":true,"href":"https:\/\/demos.uptitude.fr\/savviry1\/wp-json\/"}],"wp:attachment":[{"href":"https:\/\/demos.uptitude.fr\/savviry1\/wp-json\/wp\/v2\/media?parent=1804"}],"wp:term":[{"taxonomy":"category","embeddable":true,"href":"https:\/\/demos.uptitude.fr\/savviry1\/wp-json\/wp\/v2\/categories?post=1804"},{"taxonomy":"post_tag","embeddable":true,"href":"https:\/\/demos.uptitude.fr\/savviry1\/wp-json\/wp\/v2\/tags?post=1804"}],"curies":[{"name":"wp","href":"https:\/\/api.w.org\/{rel}","templated":true}]}}