{"id":187,"date":"2017-03-13T21:49:03","date_gmt":"2017-03-13T21:49:03","guid":{"rendered":"http:\/\/www.savigny-viry-catholique.fr\/?p=187"},"modified":"2017-03-13T21:49:03","modified_gmt":"2017-03-13T21:49:03","slug":"priere-bienheureux-marcel-callo","status":"publish","type":"post","link":"https:\/\/demos.uptitude.fr\/savviry1\/priere-bienheureux-marcel-callo\/","title":{"rendered":"Pri\u00e8re du Bienheureux Marcel CALLO"},"content":{"rendered":"<div id=\"page\">\n<div id=\"wrapper\">\n<div id=\"main\">\n<div id=\"content\">\n<div id=\"p648\" class=\"post\">\n<h2 class=\"post-title\">Pri\u00e8re du Bienheureux Marcel Callo<\/h2>\n<p class=\"post-info\"><a href=\"http:\/\/site-catholique.fr\/index.php?category\/Prieres\/a-Jesus-Christ\">\u00e0 J\u00e9sus-Christ<\/a><\/p>\n<div class=\"post-excerpt\">\n<p><span style=\"color: #0000ff;\">Voici la Pri\u00e8re <em><strong>\u00ab\u00a0La place que Tu aimerais me voir jouer \u00bb<\/strong> <\/em> du Bienheureux Marcel Callo (1921-1945), condamn\u00e9 pour son action catholique aupr\u00e8s de ses camarades du Service du Travail Obligatoire (S.T.O.) lors de la seconde guerre.<\/span><\/p>\n<\/div>\n<div class=\"post-content\">\nLa Pri\u00e8re du Bienheureux Marcel Callo <em><strong>\u00ab\u00a0La place que Tu aimerais me voir jouer\u00a0\u00bb :<\/strong> <\/em><\/p>\n<p><em> \u00ab\u00a0Seigneur J\u00e9sus, dans le peuple immense de tes disciples, j\u2019ai une place moi aussi. Elle est unique, irrempla\u00e7able. Je sais que Tu m\u2019appelles \u00e0 vivre dans ton Alliance, \u00e0 ma mani\u00e8re, tel que je suis, avec mes qualit\u00e9s et mes limites aussi. D\u00e9j\u00e0, quand je d\u00e9cide de Te donner un peu de mon temps dans la Pri\u00e8re, quand j\u2019essaie de me faire un c\u0153ur accueillant aux autres, de faire un geste de paix ou de pardon , tout au fond de moi, parfois, je suis heureux et cette joie-l\u00e0, personne ne peut me la prendre, car elle vient de Toi, de ton Esprit. Aide-moi, Seigneur, \u00e0 d\u00e9couvrir de mieux en mieux, jour apr\u00e8s jour, la place que Tu aimerais me voir jouer, dans le peuple de tes disciples, pour le bonheur de tous\u00a0! Ainsi soit-il.\u00a0\u00bb <\/em><\/p>\n<p><strong>Bienheureux Marcel Callo<\/strong> (1921-1945)<\/p>\n<\/div>\n<p>Pri\u00e8re du Bienheureux Marcel Callo &#8211; Site-Catholique.fr<\/p>\n<\/div>\n<\/div>\n<\/div>\n<\/div>\n<\/div>\n","protected":false},"excerpt":{"rendered":"<p>Pri\u00e8re du Bienheureux Marcel Callo \u00e0 J\u00e9sus-Christ Voici la Pri\u00e8re \u00ab\u00a0La place que Tu aimerais me voir jouer \u00bb du Bienheureux Marcel Callo (1921-1945), condamn\u00e9 pour son action catholique aupr\u00e8s de ses camarades du Service du Travail Obligatoire (S.T.O.)&hellip;<\/p>\n","protected":false},"author":990002,"featured_media":185,"comment_status":"closed","ping_status":"closed","sticky":false,"template":"","format":"standard","meta":{"give_campaign_id":0,"footnotes":""},"categories":[1],"tags":[],"class_list":["post-187","post","type-post","status-publish","format-standard","has-post-thumbnail","hentry","category-uncategorized"],"_links":{"self":[{"href":"https:\/\/demos.uptitude.fr\/savviry1\/wp-json\/wp\/v2\/posts\/187","targetHints":{"allow":["GET"]}}],"collection":[{"href":"https:\/\/demos.uptitude.fr\/savviry1\/wp-json\/wp\/v2\/posts"}],"about":[{"href":"https:\/\/demos.uptitude.fr\/savviry1\/wp-json\/wp\/v2\/types\/post"}],"author":[{"embeddable":true,"href":"https:\/\/demos.uptitude.fr\/savviry1\/wp-json\/wp\/v2\/users\/990002"}],"replies":[{"embeddable":true,"href":"https:\/\/demos.uptitude.fr\/savviry1\/wp-json\/wp\/v2\/comments?post=187"}],"version-history":[{"count":0,"href":"https:\/\/demos.uptitude.fr\/savviry1\/wp-json\/wp\/v2\/posts\/187\/revisions"}],"wp:featuredmedia":[{"embeddable":true,"href":"https:\/\/demos.uptitude.fr\/savviry1\/wp-json\/"}],"wp:attachment":[{"href":"https:\/\/demos.uptitude.fr\/savviry1\/wp-json\/wp\/v2\/media?parent=187"}],"wp:term":[{"taxonomy":"category","embeddable":true,"href":"https:\/\/demos.uptitude.fr\/savviry1\/wp-json\/wp\/v2\/categories?post=187"},{"taxonomy":"post_tag","embeddable":true,"href":"https:\/\/demos.uptitude.fr\/savviry1\/wp-json\/wp\/v2\/tags?post=187"}],"curies":[{"name":"wp","href":"https:\/\/api.w.org\/{rel}","templated":true}]}}