{"id":1870,"date":"2019-12-15T14:40:00","date_gmt":"2019-12-15T14:40:00","guid":{"rendered":"http:\/\/www.savigny-viry-catholique.fr\/?p=1870"},"modified":"2019-12-15T14:40:00","modified_gmt":"2019-12-15T14:40:00","slug":"denier-de-leglise-2019","status":"publish","type":"post","link":"https:\/\/demos.uptitude.fr\/savviry1\/denier-de-leglise-2019\/","title":{"rendered":"DENIER DE L&rsquo;EGLISE &#8211; 2019 &#8211;"},"content":{"rendered":"\n<p><strong><em>Contribuer au Denier doit rev\u00eatir un caract\u00e8re particulier et prioritaire pour les catholiques.<\/em><\/strong><\/p>\n\n\n\n<p>En ce mois de mars, et en plein\nCar\u00eame, les sollicitations de dons sont nombreuses. Mais rappelez-vous que\nl\u2019Eglise ne re\u00e7oit aucune subvention. Ni subvention de l\u2019Etat, ni subvention du\nVatican \u2013 comme on l\u2019entend parfois&nbsp;!<\/p>\n\n\n\n<p>Notre contribution au Denier de\nl\u2019\u00c9glise n\u2019est pas un don tout \u00e0 fait comme les autres :<\/p>\n\n\n\n<p>&nbsp;&#8211; il est la premi\u00e8re ressource pour faire vivre l\u2019\u00c9glise dioc\u00e9saine, nos secteurs, nos paroisses ; <br \/>&#8211; il est la premi\u00e8re ressource pour que chaque mois les pr\u00eatres re\u00e7oivent de quoi vivre dignement ;  <br \/>&#8211; il est la premi\u00e8re ressource pour financer le salaire des la\u00efcs en pastorale et des salari\u00e9s de l\u2019\u00e9v\u00each\u00e9 <br \/>&#8211; il est la premi\u00e8re ressource pour assurer la Mission, la pr\u00e9sence de l\u2019\u00c9glise, dans nos lieux de vie, nos quartiers, nos cit\u00e9s, pour nos enfants, pour nos familles.  <\/p>\n\n\n\n<figure class=\"wp-block-image\"><img decoding=\"async\" src=\"http:\/\/www.savigny-viry-catholique.fr\/wp-content\/uploads\/2019\/03\/Image-denier-1024x376.jpg\" alt=\"\" class=\"wp-image-1875\"\/><\/figure>\n\n\n\n<p>Ainsi, en faisant un don, vous\nmanifestez votre attachement \u00e0 l\u2019\u00c9glise et \u00e0 tous ceux qui sont \u00e0 son service.<\/p>\n\n\n\n<p>Contribuer au Denier doit rev\u00eatir\nun caract\u00e8re particulier et prioritaire pour les catholiques. <\/p>\n\n\n\n<p>Vous trouverez toutes les informations pratiques (paiement en ligne, pr\u00e9l\u00e8vements, fiscalit\u00e9) \u00e0 cette adresse :<a href=\"https:\/\/dons.evry.catholique.fr\/presentation.html\">https:\/\/dons.evry.catholique.fr\/presentation.html<\/a><\/p>\n\n\n\n<p>Il n\u2019y a pas de petit don mais\nseulement un grand sens du partage.<\/p>\n\n\n\n<p>Merci.<\/p>\n\n\n\n<p>P\u00e8re Martial BERNARD  &#8211; Vicaire g\u00e9n\u00e9ral-<\/p>\n\n\n\n<p style=\"background-color:#d6dadc;color:#bc0c21\" class=\"has-text-color has-background\"><strong>Vous pouvez faire un don en ligne ici <\/strong>:<a href=\"https:\/\/dons.evry.catholique.fr\/don.php\">https:\/\/dons.evry.catholique.fr\/don.php<\/a><\/p>\n\n\n\n<h5 class=\"wp-block-heading\" style=\"text-align:left\">R\u00c9DUCTION FISCALE <br \/>Le don au denier de l&rsquo;Eglise ouvre droit \u00e0 une r\u00e9duction fiscale car il remplit les conditions g\u00e9n\u00e9rales pr\u00e9vues aux articles 200 et 238 bis du code g\u00e9n\u00e9ral des imp\u00f4ts.  <br \/>Vous pouvez d\u00e9duire 66% de votre don dans la limite de 20% de votre revenu imposable. <\/h5>\n\n\n\n<p> <\/p>\n","protected":false},"excerpt":{"rendered":"<p>Contribuer au Denier doit rev\u00eatir un caract\u00e8re particulier et prioritaire pour les catholiques. En ce mois de mars, et en plein Car\u00eame, les sollicitations de dons sont nombreuses. Mais rappelez-vous que l\u2019Eglise ne re\u00e7oit aucune subvention. Ni subvention de&hellip;<\/p>\n","protected":false},"author":990003,"featured_media":2000,"comment_status":"closed","ping_status":"closed","sticky":false,"template":"","format":"standard","meta":{"give_campaign_id":0,"footnotes":""},"categories":[38,1],"tags":[],"class_list":["post-1870","post","type-post","status-publish","format-standard","has-post-thumbnail","hentry","category-officiel","category-uncategorized"],"_links":{"self":[{"href":"https:\/\/demos.uptitude.fr\/savviry1\/wp-json\/wp\/v2\/posts\/1870","targetHints":{"allow":["GET"]}}],"collection":[{"href":"https:\/\/demos.uptitude.fr\/savviry1\/wp-json\/wp\/v2\/posts"}],"about":[{"href":"https:\/\/demos.uptitude.fr\/savviry1\/wp-json\/wp\/v2\/types\/post"}],"author":[{"embeddable":true,"href":"https:\/\/demos.uptitude.fr\/savviry1\/wp-json\/wp\/v2\/users\/990003"}],"replies":[{"embeddable":true,"href":"https:\/\/demos.uptitude.fr\/savviry1\/wp-json\/wp\/v2\/comments?post=1870"}],"version-history":[{"count":0,"href":"https:\/\/demos.uptitude.fr\/savviry1\/wp-json\/wp\/v2\/posts\/1870\/revisions"}],"wp:featuredmedia":[{"embeddable":true,"href":"https:\/\/demos.uptitude.fr\/savviry1\/wp-json\/"}],"wp:attachment":[{"href":"https:\/\/demos.uptitude.fr\/savviry1\/wp-json\/wp\/v2\/media?parent=1870"}],"wp:term":[{"taxonomy":"category","embeddable":true,"href":"https:\/\/demos.uptitude.fr\/savviry1\/wp-json\/wp\/v2\/categories?post=1870"},{"taxonomy":"post_tag","embeddable":true,"href":"https:\/\/demos.uptitude.fr\/savviry1\/wp-json\/wp\/v2\/tags?post=1870"}],"curies":[{"name":"wp","href":"https:\/\/api.w.org\/{rel}","templated":true}]}}