{"id":1955,"date":"2019-02-16T22:01:50","date_gmt":"2019-02-16T22:01:50","guid":{"rendered":"http:\/\/www.savigny-viry-catholique.fr\/?p=1955"},"modified":"2019-02-16T22:01:50","modified_gmt":"2019-02-16T22:01:50","slug":"samedi-06-avril-2019-le-pelerinage-annuel-du-secteur","status":"publish","type":"post","link":"https:\/\/demos.uptitude.fr\/savviry1\/samedi-06-avril-2019-le-pelerinage-annuel-du-secteur\/","title":{"rendered":"samedi 06 avril 2019 :                                             Le p\u00e8lerinage annuel du secteur"},"content":{"rendered":"\n<p><strong>Cette ann\u00e9e le p\u00e8lerinage aura lieu samedi <\/strong>samedi 06 avril 2019<br \/><strong>Sur le th\u00e8me de \u00abLa solidarit\u00e9 en action\u00bb <\/strong><br \/>14h, rdv et activit\u00e9s sur le site de Ste Bernadette (Viry). <br \/>16h, rejointe \u00e0 pied, \u00e9glise St- Jean Baptiste (Morsang) pour des chants et un temps de pri\u00e8res. <br \/>Puis marche vers Notre Dame d\u2019Esp\u00e9rance (via le parc de Morsang) <br \/>arriv\u00e9e vers 17h 45. <br \/>18h messe, <br \/>19h ap\u00e9ro, <br \/>19h30 repas tir\u00e9 du sac. <br \/>Important : pr\u00e9voir du covoiturage pour le retour ; le parcours aller \u00e9tant p\u00e9destre ! <br \/><br \/>Attention pas d&rsquo;autres messes ce samedi soir.<\/p>\n","protected":false},"excerpt":{"rendered":"<p>Cette ann\u00e9e le p\u00e8lerinage aura lieu samedi samedi 06 avril 2019Sur le th\u00e8me de \u00abLa solidarit\u00e9 en action\u00bb 14h, rdv et activit\u00e9s sur le site de Ste Bernadette (Viry). 16h, rejointe \u00e0 pied, \u00e9glise St- Jean Baptiste (Morsang) pour&hellip;<\/p>\n","protected":false},"author":990005,"featured_media":1956,"comment_status":"closed","ping_status":"closed","sticky":false,"template":"","format":"standard","meta":{"give_campaign_id":0,"footnotes":""},"categories":[34,36,37],"tags":[],"class_list":["post-1955","post","type-post","status-publish","format-standard","has-post-thumbnail","hentry","category-catechese-aumonerie","category-fete-rassemblement","category-horaires"],"_links":{"self":[{"href":"https:\/\/demos.uptitude.fr\/savviry1\/wp-json\/wp\/v2\/posts\/1955","targetHints":{"allow":["GET"]}}],"collection":[{"href":"https:\/\/demos.uptitude.fr\/savviry1\/wp-json\/wp\/v2\/posts"}],"about":[{"href":"https:\/\/demos.uptitude.fr\/savviry1\/wp-json\/wp\/v2\/types\/post"}],"author":[{"embeddable":true,"href":"https:\/\/demos.uptitude.fr\/savviry1\/wp-json\/wp\/v2\/users\/990005"}],"replies":[{"embeddable":true,"href":"https:\/\/demos.uptitude.fr\/savviry1\/wp-json\/wp\/v2\/comments?post=1955"}],"version-history":[{"count":0,"href":"https:\/\/demos.uptitude.fr\/savviry1\/wp-json\/wp\/v2\/posts\/1955\/revisions"}],"wp:featuredmedia":[{"embeddable":true,"href":"https:\/\/demos.uptitude.fr\/savviry1\/wp-json\/"}],"wp:attachment":[{"href":"https:\/\/demos.uptitude.fr\/savviry1\/wp-json\/wp\/v2\/media?parent=1955"}],"wp:term":[{"taxonomy":"category","embeddable":true,"href":"https:\/\/demos.uptitude.fr\/savviry1\/wp-json\/wp\/v2\/categories?post=1955"},{"taxonomy":"post_tag","embeddable":true,"href":"https:\/\/demos.uptitude.fr\/savviry1\/wp-json\/wp\/v2\/tags?post=1955"}],"curies":[{"name":"wp","href":"https:\/\/api.w.org\/{rel}","templated":true}]}}