{"id":1997,"date":"2019-05-09T19:18:59","date_gmt":"2019-05-09T19:18:59","guid":{"rendered":"http:\/\/www.savigny-viry-catholique.fr\/?p=1997"},"modified":"2019-05-09T19:18:59","modified_gmt":"2019-05-09T19:18:59","slug":"26-mai-les-elections-europeennes","status":"publish","type":"post","link":"https:\/\/demos.uptitude.fr\/savviry1\/26-mai-les-elections-europeennes\/","title":{"rendered":"26 mai &#8211; Les \u00e9lections europ\u00e9ennes"},"content":{"rendered":"\n<p><strong>Conf\u00e9rence\ndes \u00c9v\u00eaques de France<\/strong><\/p>\n\n\n\n<p><strong>\u00c9lections europ\u00e9ennes :\nquelle Europe voulons-nous ? <\/strong><\/p>\n\n\n\n<p>Message du Conseil permanent de la Conf\u00e9rence des\n\u00c9v\u00eaques de France (CEF) \u00e0 propos des \u00e9lections europ\u00e9ennes : <em>\u00ab Prochainement auront lieu les \u00e9lections au\nParlement europ\u00e9en et cela dans un contexte difficile, tant au plan national\nqu\u2019europ\u00e9en. Dire que l\u2019Europe n\u2019a pas bonne presse est une banalit\u00e9 : pour\nbeaucoup de nos concitoyens elle semble lointaine, technocratique, souvent\ninefficace.<\/em><\/p>\n\n\n\n<p><em>Et pourtant, il nous\nsemble important d\u2019inviter les catholiques, et au-del\u00e0 l\u2019ensemble des citoyens,\n\u00e0 participer aux \u00e9lections des d\u00e9put\u00e9s au parlement europ\u00e9en et \u00e0 s\u2019exprimer,\nnon d\u2019abord sur des enjeux nationaux, mais en fonction des projets port\u00e9s par les\ndiff\u00e9rentes listes qui se pr\u00e9senteront au suffrage des \u00e9lecteurs. Il ne s\u2019agit\npas de s\u2019enfermer dans un sch\u00e9ma manich\u00e9en (pour ou contre l\u2019Europe) mais de\ndire quelle Europe nous voulons, le mod\u00e8le \u00e9conomique, social, culturel et\nspirituel qui nous semble le plus adapt\u00e9 pour notre continent aujourd\u2019hui. \u00bb<\/em> <em><a href=\"https:\/\/eglise.catholique.fr\/conference-des-eveques-de-france\/textes-et-declarations\/479008-elections-europeennes-europe-voulons\/\">Lire la suite<\/a><\/em><\/p>\n\n\n\n<p>\u00c0 lire aussi <em><a href=\"https:\/\/eglise.catholique.fr\/sengager-dans-la-societe\/leurope\/regards-europe\/480485-lettre-a-nos-freres-soeurs-europeens\/\">la lettre des \u00e9v\u00eaques d\u2019Europe de l\u2019Ouest<\/a><\/em>\n\u00ab \u00e0 nos fr\u00e8res et s\u0153urs europ\u00e9ens \u00bb <\/p>\n\n\n\n<p>Un dossier sp\u00e9cial est consacr\u00e9 aux regards de\nl\u2019\u00c9glise sur l\u2019Europe sur le site de la CEF. Que dit l\u2019\u00c9glise catholique sur\nl\u2019Europe ? \u00c0 l\u2019approche des \u00e9lections europ\u00e9ennes, la CEF collecte les\nd\u00e9clarations de l\u2019\u00c9glise catholique et des conf\u00e9rences \u00e9piscopales europ\u00e9ennes\nsur certains th\u00e8mes communs : les migrants, l\u2019\u00e9conomie, la d\u00e9fense, la\nconstruction europ\u00e9enne, l\u2019aide au d\u00e9veloppement. <em><a href=\"https:\/\/eglise.catholique.fr\/sengager-dans-la-societe\/leurope\/regards-europe\/480485-lettre-a-nos-freres-soeurs-europeens\/\">Consulter en ligne<\/a><\/em><\/p>\n","protected":false},"excerpt":{"rendered":"<p>Conf\u00e9rence des \u00c9v\u00eaques de France \u00c9lections europ\u00e9ennes : quelle Europe voulons-nous ? Message du Conseil permanent de la Conf\u00e9rence des \u00c9v\u00eaques de France (CEF) \u00e0 propos des \u00e9lections europ\u00e9ennes : \u00ab Prochainement auront lieu les \u00e9lections au Parlement europ\u00e9en&hellip;<\/p>\n","protected":false},"author":990005,"featured_media":1998,"comment_status":"closed","ping_status":"closed","sticky":false,"template":"","format":"standard","meta":{"give_campaign_id":0,"footnotes":""},"categories":[38,1],"tags":[],"class_list":["post-1997","post","type-post","status-publish","format-standard","has-post-thumbnail","hentry","category-officiel","category-uncategorized"],"_links":{"self":[{"href":"https:\/\/demos.uptitude.fr\/savviry1\/wp-json\/wp\/v2\/posts\/1997","targetHints":{"allow":["GET"]}}],"collection":[{"href":"https:\/\/demos.uptitude.fr\/savviry1\/wp-json\/wp\/v2\/posts"}],"about":[{"href":"https:\/\/demos.uptitude.fr\/savviry1\/wp-json\/wp\/v2\/types\/post"}],"author":[{"embeddable":true,"href":"https:\/\/demos.uptitude.fr\/savviry1\/wp-json\/wp\/v2\/users\/990005"}],"replies":[{"embeddable":true,"href":"https:\/\/demos.uptitude.fr\/savviry1\/wp-json\/wp\/v2\/comments?post=1997"}],"version-history":[{"count":0,"href":"https:\/\/demos.uptitude.fr\/savviry1\/wp-json\/wp\/v2\/posts\/1997\/revisions"}],"wp:featuredmedia":[{"embeddable":true,"href":"https:\/\/demos.uptitude.fr\/savviry1\/wp-json\/"}],"wp:attachment":[{"href":"https:\/\/demos.uptitude.fr\/savviry1\/wp-json\/wp\/v2\/media?parent=1997"}],"wp:term":[{"taxonomy":"category","embeddable":true,"href":"https:\/\/demos.uptitude.fr\/savviry1\/wp-json\/wp\/v2\/categories?post=1997"},{"taxonomy":"post_tag","embeddable":true,"href":"https:\/\/demos.uptitude.fr\/savviry1\/wp-json\/wp\/v2\/tags?post=1997"}],"curies":[{"name":"wp","href":"https:\/\/api.w.org\/{rel}","templated":true}]}}