{"id":205,"date":"2017-03-15T22:07:32","date_gmt":"2017-03-15T22:07:32","guid":{"rendered":"http:\/\/www.savigny-viry-catholique.fr\/?p=205"},"modified":"2017-03-15T22:07:32","modified_gmt":"2017-03-15T22:07:32","slug":"osons-la-fraternite","status":"publish","type":"post","link":"https:\/\/demos.uptitude.fr\/savviry1\/osons-la-fraternite\/","title":{"rendered":"Osons la fraternit\u00e9"},"content":{"rendered":"<div>\n<figure id=\"attachment_206\" aria-describedby=\"caption-attachment-206\" style=\"width: 1024px\" class=\"wp-caption aligncenter\"><img fetchpriority=\"high\" decoding=\"async\" class=\"size-large wp-image-206\" src=\"http:\/\/www.savigny-viry-catholique.fr\/wp-content\/uploads\/2017\/03\/osons-fraternite1-1024x509.jpg\" alt=\"Doyenn\u00e9 de la P\u00e9v\u00e8le\" width=\"1024\" height=\"509\" \/><figcaption id=\"caption-attachment-206\" class=\"wp-caption-text\">Doyenn\u00e9 de la P\u00e9v\u00e8le<\/figcaption><\/figure>\n<\/div>\n<div><\/div>\n<div><span style=\"font-size: 20px; color: #0000ff;\"><strong>Osez la fraternit\u00e9 !<\/strong><\/span><\/div>\n<div><\/div>\n<div>Mgr Dubost, \u00e9v\u00eaque de notre dioc\u00e8se, a\u00a0 \u00e9crit une lettre pastorale pour annoncer la pr\u00e9paration du jubil\u00e9 du dioc\u00e8se \u2013 qui aura lieu en octobre 2016.<\/div>\n<blockquote>\n<div>\u00ab C\u2019est pourquoi je souhaite que l\u2019ann\u00e9e jubilaire soit marqu\u00e9e par un geste dioc\u00e9sain de fraternit\u00e9 !<\/div>\n<div>Dans un monde o\u00f9 la fraternit\u00e9 a du mal\u00e0 se frayer un chemin, nous devons poursuivre l\u2019ambition d\u2019\u00eatre fraternels.\u00bb<\/div>\n<\/blockquote>\n<div><\/div>\n<div>Cette phrase de notre \u00e9v\u00eaque sonne en \u00e9cho avec le petit livre d\u2019un docteur en philosophie, Abdennour Bidar :<\/div>\n<div>Plaidoyer pour la fraternit\u00e9. Dans les 100 pages de ce texte,l\u2019auteur commence par faire l\u2019inventaire du manque defraternit\u00e9 dans notre pays malgr\u00e9 la devise \u00ab Libert\u00e9, Egalit\u00e9,<\/div>\n<div>Fraternit\u00e9 \u00bb.<\/div>\n<div>Il ouvre son texte par une citation de R\u00e9gis Debray :<\/div>\n<blockquote>\n<div>\u00abUne \u00e9vasive fraternit\u00e9 continue d\u2019orner nos frontons mais (&#8230;) dans la sainte devise de nos p\u00e8res, la petite derni\u00e8re est devenue orpheline\u00bb.<\/div>\n<\/blockquote>\n<div>En fin d\u2019ouvrage, il fait dix propositions pour une France fraternelle, dont la premi\u00e8re et la dixi\u00e8me sont respectivement \u00abCr\u00e9er un minist\u00e8re de la fraternit\u00e9\u00bb<\/div>\n<div>et \u00abCr\u00e9er des espaces de fraternit\u00e9 dans les quartierset communes\u00bb.<\/div>\n<blockquote>\n<div>L\u2019auteur ne se situe pas sur un plan religieux, mais sur un plan politique et soci\u00e9tal. \u00abCela vaut aussi bien pour les ath\u00e9es que les croyants, aussi bien pour les juifs,<\/div>\n<div>les chr\u00e9tiens, que les musulmans, aussi bien pour les Fran\u00e7ais\u00a0\u00bbde souche\u00a0\u00bb que pour les immigr\u00e9s de fra\u00eeche ou de longue date. Chacun va devoir choisir entre la fraternit\u00e9 universelle<\/div>\n<div>ou le repli sur soi, la grande famille humaine ou la petite tribu identitaire.<\/div>\n<div>(&#8230;)<\/div>\n<div>sans elle [la fraternit\u00e9], la libert\u00e9 et l\u2019\u00e9galit\u00e9 sont un id\u00e9al vide, parce que si je ne per\u00e7ois pas l\u2019autre comme mon fr\u00e8re, que m\u2019importe en r\u00e9alit\u00e9 son droit \u00e0 la libert\u00e9,<\/div>\n<div>et en quel sens abstrait serait-il mon \u00e9gal ?\u00bb<\/div>\n<\/blockquote>\n<div><\/div>\n<div>Mgr Dubost invite au dialogue : \u00ab La fraternit\u00e9 est beaucoup plus que la tol\u00e9rance et la politesse&#8230; Elle suppose le dialogue !\u00bb.<\/div>\n<div>Abdennour Bidar propose d\u2019essayer la Fraternit\u00e9 comme valeur n\u00b01 dans notre soci\u00e9t\u00e9. Osons donc la fraternit\u00e9 ! Un grand pas pour l\u2019humanit\u00e9 !<\/div>\n<div><\/div>\n<div><strong>Bertrand Wittmann<\/strong><\/div>\n","protected":false},"excerpt":{"rendered":"<p>Osez la fraternit\u00e9 ! Mgr Dubost, \u00e9v\u00eaque de notre dioc\u00e8se, a\u00a0 \u00e9crit une lettre pastorale pour annoncer la pr\u00e9paration du jubil\u00e9 du dioc\u00e8se \u2013 qui aura lieu en octobre 2016. \u00ab C\u2019est pourquoi je souhaite que l\u2019ann\u00e9e jubilaire soit&hellip;<\/p>\n","protected":false},"author":990002,"featured_media":207,"comment_status":"closed","ping_status":"closed","sticky":false,"template":"","format":"standard","meta":{"give_campaign_id":0,"footnotes":""},"categories":[1],"tags":[],"class_list":["post-205","post","type-post","status-publish","format-standard","has-post-thumbnail","hentry","category-uncategorized"],"_links":{"self":[{"href":"https:\/\/demos.uptitude.fr\/savviry1\/wp-json\/wp\/v2\/posts\/205","targetHints":{"allow":["GET"]}}],"collection":[{"href":"https:\/\/demos.uptitude.fr\/savviry1\/wp-json\/wp\/v2\/posts"}],"about":[{"href":"https:\/\/demos.uptitude.fr\/savviry1\/wp-json\/wp\/v2\/types\/post"}],"author":[{"embeddable":true,"href":"https:\/\/demos.uptitude.fr\/savviry1\/wp-json\/wp\/v2\/users\/990002"}],"replies":[{"embeddable":true,"href":"https:\/\/demos.uptitude.fr\/savviry1\/wp-json\/wp\/v2\/comments?post=205"}],"version-history":[{"count":0,"href":"https:\/\/demos.uptitude.fr\/savviry1\/wp-json\/wp\/v2\/posts\/205\/revisions"}],"wp:featuredmedia":[{"embeddable":true,"href":"https:\/\/demos.uptitude.fr\/savviry1\/wp-json\/wp\/v2\/media\/207"}],"wp:attachment":[{"href":"https:\/\/demos.uptitude.fr\/savviry1\/wp-json\/wp\/v2\/media?parent=205"}],"wp:term":[{"taxonomy":"category","embeddable":true,"href":"https:\/\/demos.uptitude.fr\/savviry1\/wp-json\/wp\/v2\/categories?post=205"},{"taxonomy":"post_tag","embeddable":true,"href":"https:\/\/demos.uptitude.fr\/savviry1\/wp-json\/wp\/v2\/tags?post=205"}],"curies":[{"name":"wp","href":"https:\/\/api.w.org\/{rel}","templated":true}]}}