{"id":2093,"date":"2019-08-13T10:27:38","date_gmt":"2019-08-13T10:27:38","guid":{"rendered":"http:\/\/www.savigny-viry-catholique.fr\/?p=2093"},"modified":"2019-08-13T10:27:38","modified_gmt":"2019-08-13T10:27:38","slug":"la-rentree-du-cate","status":"publish","type":"post","link":"https:\/\/demos.uptitude.fr\/savviry1\/la-rentree-du-cate\/","title":{"rendered":"La rentr\u00e9e &#8230; du Cat\u00e9"},"content":{"rendered":"\n<h4><strong>Inscriptions au cat\u00e9chisme &#8211; Rentr\u00e9e de septembre 2019<\/strong><\/h4>\n<p><strong><em>Le cat\u00e9chisme commence en CE1.<\/em><\/strong><em> Les enfants non baptis\u00e9s sont les bienvenus. Les enfants ayant suivi le cat\u00e9chisme sur l&rsquo;une ou l&rsquo;autre des paroisses du Secteur Pastoral n&rsquo;ont pas \u00e0 faire de nouvelle inscription\u00a0: un courrier vous donnera la date de la r\u00e9union de rentr\u00e9e. Pour les enfants baptis\u00e9s, lors de l&rsquo;inscription, se munir d&rsquo;une copie de l&rsquo;acte de bapt\u00eame (\u00e0 demander \u00e0 la paroisse o\u00f9 a eu lieu le bapt\u00eame)<\/em><\/p>\n<p><strong>Durant ce mois de septembre : Merci de venir \u00e0 une des permanences ci-dessous :\u00a0<\/strong><strong>\u00a0<\/strong><\/p>\n<table width=\"694\">\n<tbody>\n<tr>\n<td width=\"132\">\n<p>\u00a0<\/p>\n<\/td>\n<td colspan=\"2\" width=\"224\">\n<p><strong>Savigny<\/strong><\/p>\n<\/td>\n<td colspan=\"3\" width=\"337\">\n<p><strong>Viry<\/strong><\/p>\n<\/td>\n<\/tr>\n<tr>\n<td width=\"132\">\n<p><strong>Les samedi<\/strong><\/p>\n<\/td>\n<td width=\"112\">\n<p><strong>Au forum des <br \/>associations<\/strong><\/p>\n<p><strong>Au COSOM <br \/>de Savigny<\/strong><\/p>\n<\/td>\n<td width=\"112\">\n<p><strong>Maison Bonne <br \/>Nouvelle<\/strong><\/p>\n<\/td>\n<td width=\"112\">\n<p><strong>Notre Dame des Cit\u00e9s<\/strong><\/p>\n<\/td>\n<td width=\"112\">\n<p><strong>Presbyt\u00e8re Saint Denis *<\/strong><\/p>\n<\/td>\n<td width=\"112\">\n<p><strong>Sainte <br \/>Bernadette<\/strong><\/p>\n<\/td>\n<\/tr>\n<tr>\n<td width=\"132\">\n<p>7 septembre<\/p>\n<\/td>\n<td width=\"112\">\n<p><strong>10h<\/strong><\/p>\n<p><strong>16h<\/strong><\/p>\n<\/td>\n<td width=\"112\">\n<p>&#8212;&#8212;&#8212;&#8212;&#8212;&#8211;<\/p>\n<\/td>\n<td rowspan=\"4\" width=\"112\">\n<p><strong>9h30<\/strong><\/p>\n<p><strong>11h00<\/strong><\/p>\n<\/td>\n<td rowspan=\"4\" width=\"112\">\n<p><strong>10h00<\/strong><\/p>\n<p><strong>11h30 <\/strong><\/p>\n<\/td>\n<td rowspan=\"4\" width=\"112\">\n<p><strong>10h00<\/strong><\/p>\n<p><strong>11h30<\/strong><\/p>\n<\/td>\n<\/tr>\n<tr>\n<td width=\"132\">\n<p>14 septembre<\/p>\n<\/td>\n<td width=\"112\">\n<p>&#8212;&#8212;&#8212;&#8212;&#8212;&#8211;<\/p>\n<\/td>\n<td rowspan=\"3\" width=\"112\">\n<p><strong>10h00<\/strong><\/p>\n<p><strong>12h00<\/strong><\/p>\n<\/td>\n<\/tr>\n<tr>\n<td width=\"132\">\n<p>21 septembre<\/p>\n<\/td>\n<td width=\"112\">\n<p>&#8212;&#8212;&#8212;&#8212;&#8212;&#8211;<\/p>\n<\/td>\n<\/tr>\n<tr>\n<td width=\"132\">\n<p>28 septembre<\/p>\n<\/td>\n<td width=\"112\">\n<p>&#8212;&#8212;&#8212;&#8212;&#8212;&#8211;<\/p>\n<\/td>\n<\/tr>\n<\/tbody>\n<\/table>\n<p>* Et \u00e0 l&rsquo;accueil du Presbyt\u00e8re Saint-Denis, lundi de 14 \u00e0 16 heures<\/p>\n<p><u>Savigny sur Orge <\/u><\/p>\n<ul>\n<li>Maison Bonne Nouvelle &#8211; 3 rue Joliot-Curie<\/li>\n<\/ul>\n<p><u>Viry Chatillon (91170)<\/u><\/p>\n<ul>\n<li>Presbyt\u00e8re St Denis &#8211; 3 rue Horace de Choiseul<\/li>\n<li>Notre Dame des Cit\u00e9s &#8211; 18 avenue de Marseille<\/li>\n<li>Sainte Bernadette &#8211; 16 avenue Robert Keller<\/li>\n<\/ul>\n<p>\u00a0<\/p>\n","protected":false},"excerpt":{"rendered":"","protected":false},"author":990005,"featured_media":2095,"comment_status":"closed","ping_status":"closed","sticky":false,"template":"","format":"standard","meta":{"give_campaign_id":0,"footnotes":""},"categories":[1],"tags":[],"class_list":["post-2093","post","type-post","status-publish","format-standard","has-post-thumbnail","hentry","category-uncategorized"],"_links":{"self":[{"href":"https:\/\/demos.uptitude.fr\/savviry1\/wp-json\/wp\/v2\/posts\/2093","targetHints":{"allow":["GET"]}}],"collection":[{"href":"https:\/\/demos.uptitude.fr\/savviry1\/wp-json\/wp\/v2\/posts"}],"about":[{"href":"https:\/\/demos.uptitude.fr\/savviry1\/wp-json\/wp\/v2\/types\/post"}],"author":[{"embeddable":true,"href":"https:\/\/demos.uptitude.fr\/savviry1\/wp-json\/wp\/v2\/users\/990005"}],"replies":[{"embeddable":true,"href":"https:\/\/demos.uptitude.fr\/savviry1\/wp-json\/wp\/v2\/comments?post=2093"}],"version-history":[{"count":0,"href":"https:\/\/demos.uptitude.fr\/savviry1\/wp-json\/wp\/v2\/posts\/2093\/revisions"}],"wp:featuredmedia":[{"embeddable":true,"href":"https:\/\/demos.uptitude.fr\/savviry1\/wp-json\/"}],"wp:attachment":[{"href":"https:\/\/demos.uptitude.fr\/savviry1\/wp-json\/wp\/v2\/media?parent=2093"}],"wp:term":[{"taxonomy":"category","embeddable":true,"href":"https:\/\/demos.uptitude.fr\/savviry1\/wp-json\/wp\/v2\/categories?post=2093"},{"taxonomy":"post_tag","embeddable":true,"href":"https:\/\/demos.uptitude.fr\/savviry1\/wp-json\/wp\/v2\/tags?post=2093"}],"curies":[{"name":"wp","href":"https:\/\/api.w.org\/{rel}","templated":true}]}}