{"id":2119,"date":"2019-10-01T16:17:00","date_gmt":"2019-10-01T16:17:00","guid":{"rendered":"http:\/\/www.savigny-viry-catholique.fr\/?p=2119"},"modified":"2019-10-01T16:17:00","modified_gmt":"2019-10-01T16:17:00","slug":"jubile-des-50-ans-notre-dame-des-cites-de-viry-chatillon","status":"publish","type":"post","link":"https:\/\/demos.uptitude.fr\/savviry1\/jubile-des-50-ans-notre-dame-des-cites-de-viry-chatillon\/","title":{"rendered":"JUBILE DES 50 ANS NOTRE-DAME-DES-CITES DE VIRY-CHATILLON"},"content":{"rendered":"\n<h5>Les fid\u00e8les de l\u2019\u00e9glise Notre Dame des Cit\u00e9s de Viry-Ch\u00e2tillon sont heureux de vous annoncer et de vous convier \u00e0 la c\u00e9l\u00e9bration 50 ans. C\u2019est en effet le 14 d\u00e9cembre 1969 que Mgr Malbois, \u00e9v\u00eaque d\u2019Evry \u2013 Corbeil-Essonnes y a c\u00e9l\u00e9br\u00e9e la premi\u00e8re messe.Cet anniversaire va donner lieu \u00e0 un Jubil\u00e9 qui s\u2019ouvrira le 5 octobre autour de la f\u00eate de Notre Dame du Rosaire et qui s\u2019ach\u00e8vera le dimanche 15 d\u00e9cembre 2019 avec la messe solennelle que pr\u00e9sidera notre \u00e9v\u00eaque Mgr Michel Pansard.<\/h5>\n<p><img decoding=\"async\" class=\"aligncenter\" src=\"http:\/\/www.savigny-viry-catholique.fr\/wp-content\/uploads\/2019\/09\/Jubile_NDC.jpg\" alt=\"L\u2019attribut alt de cette image est vide, son nom de fichier est Jubile_NDC.jpg.\" \/><\/p>\n<p>Dans l\u2019Ancien Testament, le jubil\u00e9 est \u00ab l\u2019ann\u00e9e de gr\u00e2ce \u00bb o\u00f9 sont remises la dette et les peines dues au p\u00e9ch\u00e9 (Is 61, 2). Ainsi, \u00ab Le Seigneur parla \u00e0 Mo\u00efse sur le mont Sina\u00ef et dit : \u00ab Parle aux fils d\u2019Isra\u00ebl. Tu leur diras : Vous ferez de la cinquanti\u00e8me ann\u00e9e une ann\u00e9e sainte, et vous proclamerez la lib\u00e9ration pour tous les habitants du pays. Ce sera pour vous le jubil\u00e9 : chacun de vous r\u00e9int\u00e9grera sa propri\u00e9t\u00e9, chacun de vous retournera dans son clan. Cette cinquanti\u00e8me ann\u00e9e sera pour vous une ann\u00e9e jubilaire. Le jubil\u00e9 sera pour vous chose sainte, vous mangerez ce qui pousse dans les champs. \u00bb (Lv 25, 1-2a.10-12)<\/p>\n<h5>Tout au long de ce trimestre diverses actions et animations vont \u00eatre r\u00e9alis\u00e9es : conf\u00e9rence, concert, exposition, distribution de signets aux messes dominicales.<\/h5>\n<h5>Nous avons la chance d\u2019avoir diff\u00e9rentes communaut\u00e9s : africaine, antillaise, espagnole, indienne, italienne, polonaise\u2026<br \/>Ce dimanche 15 d\u00e9cembre, nous pourrons voir Parents et Enfants en costume traditionnel. Ce jour sera alors pour nous le jour du partage et du vivre ensemble.<\/h5>\n<h5>La c\u00e9l\u00e9bration de ce jubil\u00e9 se veut \u00eatre un tremplin pour un nouveau d\u00e9part rempli d\u2019esp\u00e9rance pour la vie de toutes les couches sociales qui composent le peuple de Dieu qui est \u00e0 Viry-Ch\u00e2tillon.<\/h5>\n<p>samedi 5 octobre 18h\u00a0: ouverture du Jubil\u00e9. Pri\u00e8re \u00e0 la Vierge \u00e0 NDC<\/p>\n<p>vendredi 18 octobre 20h\u00a0: conf\u00e9rence<\/p>\n<p>dimanche 10 novembre 15h\u00a0: concert<\/p>\n<p>samedi 16 novembre\u00a0: ouverture de l\u2019exposition<\/p>\n<p>samedi 23 novembre\u00a0: invitation des anciens<\/p>\n<p>samedi 30 novembre\u00a0: cl\u00f4ture de l\u2019exposition<\/p>\n<p>vendredi 6 d\u00e9cembre\u00a0: d\u00e9but de la Neuvaine<\/p>\n<p>dimanche 8 d\u00e9cembre\u00a0: pri\u00e8re \u00e0 la Vierge dans les 3 \u00e9glises de Viry<\/p>\n<p>samedi 14 d\u00e9cembre\u00a020h\u00a0: cl\u00f4ture de la Neuvaine et soir\u00e9e d\u2019adoration<\/p>\n<p>dimanche 15 d\u00e9cembre 10h30\u00a0: Jubil\u00e9<\/p>\n<p style=\"text-align: right;\">L\u2019Equipe animatrice<\/p>\n","protected":false},"excerpt":{"rendered":"","protected":false},"author":990005,"featured_media":2123,"comment_status":"closed","ping_status":"closed","sticky":false,"template":"","format":"standard","meta":{"give_campaign_id":0,"footnotes":""},"categories":[35,36],"tags":[],"class_list":["post-2119","post","type-post","status-publish","format-standard","has-post-thumbnail","hentry","category-conference","category-fete-rassemblement"],"_links":{"self":[{"href":"https:\/\/demos.uptitude.fr\/savviry1\/wp-json\/wp\/v2\/posts\/2119","targetHints":{"allow":["GET"]}}],"collection":[{"href":"https:\/\/demos.uptitude.fr\/savviry1\/wp-json\/wp\/v2\/posts"}],"about":[{"href":"https:\/\/demos.uptitude.fr\/savviry1\/wp-json\/wp\/v2\/types\/post"}],"author":[{"embeddable":true,"href":"https:\/\/demos.uptitude.fr\/savviry1\/wp-json\/wp\/v2\/users\/990005"}],"replies":[{"embeddable":true,"href":"https:\/\/demos.uptitude.fr\/savviry1\/wp-json\/wp\/v2\/comments?post=2119"}],"version-history":[{"count":0,"href":"https:\/\/demos.uptitude.fr\/savviry1\/wp-json\/wp\/v2\/posts\/2119\/revisions"}],"wp:featuredmedia":[{"embeddable":true,"href":"https:\/\/demos.uptitude.fr\/savviry1\/wp-json\/"}],"wp:attachment":[{"href":"https:\/\/demos.uptitude.fr\/savviry1\/wp-json\/wp\/v2\/media?parent=2119"}],"wp:term":[{"taxonomy":"category","embeddable":true,"href":"https:\/\/demos.uptitude.fr\/savviry1\/wp-json\/wp\/v2\/categories?post=2119"},{"taxonomy":"post_tag","embeddable":true,"href":"https:\/\/demos.uptitude.fr\/savviry1\/wp-json\/wp\/v2\/tags?post=2119"}],"curies":[{"name":"wp","href":"https:\/\/api.w.org\/{rel}","templated":true}]}}