{"id":2179,"date":"2019-12-17T22:23:06","date_gmt":"2019-12-17T22:23:06","guid":{"rendered":"http:\/\/www.savigny-viry-catholique.fr\/?p=2179"},"modified":"2019-12-17T22:23:06","modified_gmt":"2019-12-17T22:23:06","slug":"lumiere-de-la-paix","status":"publish","type":"post","link":"https:\/\/demos.uptitude.fr\/savviry1\/lumiere-de-la-paix\/","title":{"rendered":"Lumi\u00e8re de la Paix"},"content":{"rendered":"\n<h3><strong>Retrouvez-en le souvenir en image depuis notre page dailymotion :<\/strong><\/h3>\n<h3><strong> https:\/\/www.dailymotion.com\/savigny-paroisse<\/strong><\/h3>\n<p><strong>\u00a0\u00ab Lumi\u00e8re de de Bethl\u00e9em \u00bb<\/strong><\/p>\n<p>Par les Scouts et Guides de France<\/p>\n<p>\u00a0<\/p>\n<p>La Lumi\u00e8re de la Paix de Bethl\u00e9em est un \u00e9v\u00e9nement scout chr\u00e9tien qui se d\u00e9roule chaque ann\u00e9e pendant la p\u00e9riode de l\u2019Avent. Allum\u00e9e dans la grotte de la nativit\u00e9 \u00e0 Bethl\u00e9em, la lumi\u00e8re est rapport\u00e9e \u00e0 Vienne, puis transmise de main en main partout en Europe. Elle constitue un symbole de paix, que l\u2019on peut diffuser, recevoir ou encore envoyer \u00e0 un proche.<\/p>\n<p>Cette ann\u00e9e, c\u2019est une d\u00e9l\u00e9gation compos\u00e9e de 10 jeannettes et louveteaux (8-11 ans, SGDF) et de 10 louvettes et louveteaux (8-12 ans, EEUdF), ainsi que de quelques accompagnantes et accompagnants, qui partira de Paris le jeudi 12 d\u00e9cembre 2019 en direction de Vienne.<\/p>\n<p>Sur place, les jeunes rencontreront d\u2019autres scouts et participeront \u00e0 la c\u00e9l\u00e9bration \u0153cum\u00e9nique internationale, le samedi 14 d\u00e9cembre. La Lumi\u00e8re arrivera en France le dimanche 15 d\u00e9cembre.<\/p>\n<p>Dans notre secteur cette lumi\u00e8re \u00ab Lumi\u00e8re de Bethl\u00e9em \u00bb a \u00e9t\u00e9 apport\u00e9e par les Scouts et Guides de France le Samedi 21 d\u00e9cembre au cours de la messe de 18h \u00e0 Notre Dame d\u2019Esp\u00e9rance \u2013 Savigny Sur Orge et le Dimanche 22 d\u00e9cembre au cours de la messe de 11h \u00e0 l\u2019\u00e9glise du Saint Esprit &#8211; Viry-Chatillon<\/p>\n","protected":false},"excerpt":{"rendered":"","protected":false},"author":990005,"featured_media":2180,"comment_status":"closed","ping_status":"closed","sticky":false,"template":"","format":"standard","meta":{"give_campaign_id":0,"footnotes":""},"categories":[1],"tags":[],"class_list":["post-2179","post","type-post","status-publish","format-standard","has-post-thumbnail","hentry","category-uncategorized"],"_links":{"self":[{"href":"https:\/\/demos.uptitude.fr\/savviry1\/wp-json\/wp\/v2\/posts\/2179","targetHints":{"allow":["GET"]}}],"collection":[{"href":"https:\/\/demos.uptitude.fr\/savviry1\/wp-json\/wp\/v2\/posts"}],"about":[{"href":"https:\/\/demos.uptitude.fr\/savviry1\/wp-json\/wp\/v2\/types\/post"}],"author":[{"embeddable":true,"href":"https:\/\/demos.uptitude.fr\/savviry1\/wp-json\/wp\/v2\/users\/990005"}],"replies":[{"embeddable":true,"href":"https:\/\/demos.uptitude.fr\/savviry1\/wp-json\/wp\/v2\/comments?post=2179"}],"version-history":[{"count":0,"href":"https:\/\/demos.uptitude.fr\/savviry1\/wp-json\/wp\/v2\/posts\/2179\/revisions"}],"wp:featuredmedia":[{"embeddable":true,"href":"https:\/\/demos.uptitude.fr\/savviry1\/wp-json\/"}],"wp:attachment":[{"href":"https:\/\/demos.uptitude.fr\/savviry1\/wp-json\/wp\/v2\/media?parent=2179"}],"wp:term":[{"taxonomy":"category","embeddable":true,"href":"https:\/\/demos.uptitude.fr\/savviry1\/wp-json\/wp\/v2\/categories?post=2179"},{"taxonomy":"post_tag","embeddable":true,"href":"https:\/\/demos.uptitude.fr\/savviry1\/wp-json\/wp\/v2\/tags?post=2179"}],"curies":[{"name":"wp","href":"https:\/\/api.w.org\/{rel}","templated":true}]}}