{"id":2268,"date":"2020-01-24T18:49:41","date_gmt":"2020-01-24T18:49:41","guid":{"rendered":"http:\/\/www.savigny-viry-catholique.fr\/?p=2268"},"modified":"2020-01-24T18:49:41","modified_gmt":"2020-01-24T18:49:41","slug":"09-fevrier-dimanche-de-la-sante","status":"publish","type":"post","link":"https:\/\/demos.uptitude.fr\/savviry1\/09-fevrier-dimanche-de-la-sante\/","title":{"rendered":"09 f\u00e9vrier &#8211; \u00ab\u00a0dimanche de la sant\u00e9\u00a0\u00bb"},"content":{"rendered":"\n<p>Depuis 1992, l\u2019Eglise Universelle c\u00e9l\u00e8bre tous les 11 f\u00e9vrier, f\u00eate de Notre-Dame de Lourdes, la Journ\u00e9e Mondiale du malade. Son th\u00e8me cette ann\u00e9e est le don de soi au service des plus fragilis\u00e9s. \u00ab\u00a0Vous avez re\u00e7u gratuitement, donnez gratuitement\u00a0\u00bb (Mt 10, 8)<\/p>\n<h2 style=\"text-align: center;\"><strong>Dimanche 9 f\u00e9vrier<\/strong><\/h2>\n<p>La Journ\u00e9e mondiale du malade se d\u00e9cline dans les dioc\u00e8ses fran\u00e7ais en un Dimanche de la Sant\u00e9, pour rappeler que l\u2019accompagnement des personnes souffrantes et la pr\u00e9servation du don de sant\u00e9 sont des priorit\u00e9s \u00e9vang\u00e9liques.<br class=\"autobr\" \/>En France, cet \u00e9v\u00e9nement se vit en paroisse lors du Dimanche de la Sant\u00e9, g\u00e9n\u00e9ralement le plus proche du 11 f\u00e9vrier.<\/p>\n<p>\u00c0 cette occasion le pape Fran\u00e7ois adresse au catholique un message\u00a0:<\/p>\n<p><a href=\"http:\/\/www.vatican.va\/content\/francesco\/fr\/messages\/sick\/documents\/papa-francesco_20200103_giornata-malato.html\">Message du pape &#8211; cliquer ici<\/a><\/p>\n<p>Pourquoi a-t-elle lieu le jour de la f\u00eate de Notre-Dame de Lourdes ?<\/p>\n<p><a href=\"https:\/\/www.evry.catholique.fr\/Journee-Mondiale-des-malades-et-dimanche-de-la-sante\">Vid\u00e9o \u00e0 voir depuis : www.evry.catholique.fr<\/a><\/p>\n","protected":false},"excerpt":{"rendered":"","protected":false},"author":990005,"featured_media":2270,"comment_status":"closed","ping_status":"closed","sticky":false,"template":"","format":"standard","meta":{"give_campaign_id":0,"footnotes":""},"categories":[36,38],"tags":[],"class_list":["post-2268","post","type-post","status-publish","format-standard","has-post-thumbnail","hentry","category-fete-rassemblement","category-officiel"],"_links":{"self":[{"href":"https:\/\/demos.uptitude.fr\/savviry1\/wp-json\/wp\/v2\/posts\/2268","targetHints":{"allow":["GET"]}}],"collection":[{"href":"https:\/\/demos.uptitude.fr\/savviry1\/wp-json\/wp\/v2\/posts"}],"about":[{"href":"https:\/\/demos.uptitude.fr\/savviry1\/wp-json\/wp\/v2\/types\/post"}],"author":[{"embeddable":true,"href":"https:\/\/demos.uptitude.fr\/savviry1\/wp-json\/wp\/v2\/users\/990005"}],"replies":[{"embeddable":true,"href":"https:\/\/demos.uptitude.fr\/savviry1\/wp-json\/wp\/v2\/comments?post=2268"}],"version-history":[{"count":0,"href":"https:\/\/demos.uptitude.fr\/savviry1\/wp-json\/wp\/v2\/posts\/2268\/revisions"}],"wp:featuredmedia":[{"embeddable":true,"href":"https:\/\/demos.uptitude.fr\/savviry1\/wp-json\/"}],"wp:attachment":[{"href":"https:\/\/demos.uptitude.fr\/savviry1\/wp-json\/wp\/v2\/media?parent=2268"}],"wp:term":[{"taxonomy":"category","embeddable":true,"href":"https:\/\/demos.uptitude.fr\/savviry1\/wp-json\/wp\/v2\/categories?post=2268"},{"taxonomy":"post_tag","embeddable":true,"href":"https:\/\/demos.uptitude.fr\/savviry1\/wp-json\/wp\/v2\/tags?post=2268"}],"curies":[{"name":"wp","href":"https:\/\/api.w.org\/{rel}","templated":true}]}}