{"id":2279,"date":"2020-02-04T09:56:42","date_gmt":"2020-02-04T09:56:42","guid":{"rendered":"http:\/\/www.savigny-viry-catholique.fr\/?p=2279"},"modified":"2020-02-04T09:56:42","modified_gmt":"2020-02-04T09:56:42","slug":"jeudi-de-careme","status":"publish","type":"post","link":"https:\/\/demos.uptitude.fr\/savviry1\/jeudi-de-careme\/","title":{"rendered":"Jeudi de Car\u00eame"},"content":{"rendered":"\n<p>Tous les jeudis de car\u00eame du 5 mars au 2 avril (inclus) une s\u00e9rie de soir\u00e9e pour enrichir notre r\u00e9flexion.<\/p>\n<p>Le secteur pastoral de Savigny-Viry organise une s\u00e9rie de soir\u00e9e de r\u00e9flexion sur le sens de l\u2019\u00e9glise dans notre Foi.<\/p>\n<p><strong>Aujourd&rsquo;hui \u00ab\u00a0A-TON ENCORE BESOIN DE L\u2019\u00c9GLISE POUR CROIRE ?\u00a0\u00bb<\/strong><\/p>\n<p>Finalement pourquoi une Eglise ? C&rsquo;est quoi, c&rsquo;est qui, Pourquoi ?\u00a0<\/p>\n<p>Ne suis je pas \u00ab\u00a0assez grand\u00a0\u00bb pour croire par moi m\u00eame, ce qui me semble exact ?<\/p>\n<p>Pour chaque soir\u00e9e un texte, une introduction, un travail en petits groupes, une mise en commun, un temps de partage et de pri\u00e8re.<\/p>\n<p>M\u00eame si l&rsquo;ensemble fait un tout, chaque soir\u00e9e est ind\u00e9pendante. On peut donc y assister en fonction de ses disponibilit\u00e9s&#8230;<\/p>\n<p>En collaboration avec Danielle Thomasset (formation) et Fr\u00e8re Jean-Claude LAVIGNE op &#8211; D\u00e9l\u00e9gu\u00e9 dioc\u00e9sain au service de la Vie Spirituelle.<\/p>\n<p><a href=\"http:\/\/www.savigny-viry-catholique.fr\/Download\/doc\/Soireescareme.pdf\" target=\"_blank\" rel=\"noopener noreferrer\">Le programme ici<\/a><\/p>\n","protected":false},"excerpt":{"rendered":"","protected":false},"author":990005,"featured_media":2324,"comment_status":"closed","ping_status":"closed","sticky":false,"template":"","format":"standard","meta":{"give_campaign_id":0,"footnotes":""},"categories":[35,38],"tags":[],"class_list":["post-2279","post","type-post","status-publish","format-standard","has-post-thumbnail","hentry","category-conference","category-officiel"],"_links":{"self":[{"href":"https:\/\/demos.uptitude.fr\/savviry1\/wp-json\/wp\/v2\/posts\/2279","targetHints":{"allow":["GET"]}}],"collection":[{"href":"https:\/\/demos.uptitude.fr\/savviry1\/wp-json\/wp\/v2\/posts"}],"about":[{"href":"https:\/\/demos.uptitude.fr\/savviry1\/wp-json\/wp\/v2\/types\/post"}],"author":[{"embeddable":true,"href":"https:\/\/demos.uptitude.fr\/savviry1\/wp-json\/wp\/v2\/users\/990005"}],"replies":[{"embeddable":true,"href":"https:\/\/demos.uptitude.fr\/savviry1\/wp-json\/wp\/v2\/comments?post=2279"}],"version-history":[{"count":0,"href":"https:\/\/demos.uptitude.fr\/savviry1\/wp-json\/wp\/v2\/posts\/2279\/revisions"}],"wp:featuredmedia":[{"embeddable":true,"href":"https:\/\/demos.uptitude.fr\/savviry1\/wp-json\/"}],"wp:attachment":[{"href":"https:\/\/demos.uptitude.fr\/savviry1\/wp-json\/wp\/v2\/media?parent=2279"}],"wp:term":[{"taxonomy":"category","embeddable":true,"href":"https:\/\/demos.uptitude.fr\/savviry1\/wp-json\/wp\/v2\/categories?post=2279"},{"taxonomy":"post_tag","embeddable":true,"href":"https:\/\/demos.uptitude.fr\/savviry1\/wp-json\/wp\/v2\/tags?post=2279"}],"curies":[{"name":"wp","href":"https:\/\/api.w.org\/{rel}","templated":true}]}}