{"id":2297,"date":"2020-03-18T16:34:26","date_gmt":"2020-03-18T16:34:26","guid":{"rendered":"http:\/\/www.savigny-viry-catholique.fr\/?p=2297"},"modified":"2020-03-18T16:34:26","modified_gmt":"2020-03-18T16:34:26","slug":"covid-19","status":"publish","type":"post","link":"https:\/\/demos.uptitude.fr\/savviry1\/covid-19\/","title":{"rendered":"Covid-19"},"content":{"rendered":"\n<h5 class=\"has-text-align-center wp-block-heading\"><strong><span style=\"color: #ff0000;\">Merci de noter que : l<\/span><\/strong><strong><span style=\"color: #ff0000;\">es \u00e9glises, salles, accueils &#8230; <br \/>\u00e9tant des Etablissements Recevant du Public (E.R.P.),<br \/><\/span><\/strong><strong><span style=\"color: #ff0000;\">de fait aucune rencontre <\/span><\/strong><strong><span style=\"color: #ff0000;\">ne peut avoir lieu.<br \/><\/span><\/strong><span style=\"color: #ff0000;\"><strong>(accueil, r\u00e9unions, temps de pri\u00e8re, messes, mariages, bapt\u00eames&#8230;)<\/strong> <\/span><\/h5>\n\n\n\n<h2 class=\"has-text-align-center wp-block-heading\"><span style=\"color: #ff0000;\">Communiqu\u00e9s officiels<\/span><\/h2>\n\n\n\n<h5 class=\"wp-block-heading\">D&rsquo;autres communiqu\u00e9s seront publi\u00e9s en fonction de l&rsquo;\u00e9volution de la situation.<\/h5>\n\n\n\n<p><strong><a href=\"http:\/\/www.savigny-viry-catholique.fr\/Download\/doc\/MGR-Note du 06 mai 2020.pdf\" target=\"_blank\" rel=\"noreferrer noopener\">Note sur la premi\u00e8re \u00e9tape de d\u00e9confinement<\/a><\/strong><\/p>\n\n\n\n<pre class=\"wp-block-preformatted\"><a href=\"http:\/\/www.savigny-viry-catholique.fr\/Download\/doc\/Covid19-2020-03-18.pdf\"><strong>Consignes au &nbsp;18\/03\/2020 cliquer pour t\u00e9l\u00e9charger le communiqu\u00e9 officiel de l'\u00e9v\u00eaque<\/strong><\/a><br \/><br \/><a href=\"http:\/\/www.savigny-viry-catholique.fr\/Download\/doc\/Covid19-2020-03-18-07h30.pdf\">Nouvelles restrictions concernant les fun\u00e9railles 18\/03\/2020 - 07h30<\/a><br \/><br \/><a href=\"http:\/\/www.savigny-viry-catholique.fr\/Download\/doc\/Covid19-2020-03-16-11h.pdf\"><strong>Consignes au &nbsp;16\/03\/2020 - 11h, cliquer pour t\u00e9l\u00e9charger le communiqu\u00e9 officiel de l'\u00e9v\u00eaque<\/strong><\/a><br \/><br \/><a href=\"http:\/\/www.savigny-viry-catholique.fr\/Download\/doc\/Covid19.pdf\"><strong>Consignes au &nbsp;13\/03\/2020, cliquer pour t\u00e9l\u00e9charger le communiqu\u00e9 officiel de l'\u00e9v\u00eaque<\/strong><\/a><br \/><br \/><a href=\"http:\/\/www.savigny-viry-catholique.fr\/Download\/doc\/Covid19-KT-AUM.pdf\"><strong>t\u00e9l\u00e9charger le communiqu\u00e9 officiel concernant la cat\u00e9ch\u00e8se et l'aum\u00f4nerie<\/strong><\/a><\/pre>\n\n\n\n<pre class=\"wp-block-preformatted\"><a rel=\"noopener noreferrer\" href=\"http:\/\/www.savigny-viry-catholique.fr\/Download\/doc\/2020-05-04_Nominations.pdf\" target=\"_blank\"><strong>Nominations <\/strong><\/a><strong><a href=\"http:\/\/www.savigny-viry-catholique.fr\/Download\/doc\/Covid19-2020-03-18.pdf\">de l'\u00e9v\u00eaque<\/a> pour le dioc\u00e8se \u00e0 compter du 1<sup>ier<\/sup> septembre<\/strong><\/pre>\n\n\n\n<p><strong>Pour les obs\u00e8ques et puisqu&rsquo;il est impossible de les reporter<\/strong> des mesures particuli\u00e8res sont pr\u00e9vues. Ne vous fiez pas aux \u00ab\u00a0on dit\u00a0\u00bb : <strong>contacter le num\u00e9ro d\u00e9di\u00e9 de votre commune. Ils b\u00e9n\u00e9ficient des derni\u00e8res consignes applicables. Nous travaillerons en collaboration avec l\u2019entreprise que vous avez choisit <\/strong>(attention : le point de vue des entreprises n&rsquo;est pas partout le m\u00eame, en fonction de leurs consignes, de leurs possibilit\u00e9s&#8230;).<\/p>\n\n\n\n<ul class=\"wp-block-list\"><li><strong>Pour Savigny : 06 88 65 13 72<\/strong><\/li><li><strong>Pour Viry : 06 10 40 21 89<\/strong><\/li><\/ul>\n\n\n","protected":false},"excerpt":{"rendered":"<p>Merci de noter que : les \u00e9glises, salles, accueils &#8230; \u00e9tant des Etablissements Recevant du Public (E.R.P.),de fait aucune rencontre ne peut avoir lieu.(accueil, r\u00e9unions, temps de pri\u00e8re, messes, mariages, bapt\u00eames&#8230;) Communiqu\u00e9s officiels D&rsquo;autres communiqu\u00e9s seront publi\u00e9s en fonction&hellip;<\/p>\n","protected":false},"author":990005,"featured_media":2344,"comment_status":"closed","ping_status":"closed","sticky":false,"template":"","format":"standard","meta":{"give_campaign_id":0,"footnotes":""},"categories":[38],"tags":[],"class_list":["post-2297","post","type-post","status-publish","format-standard","has-post-thumbnail","hentry","category-officiel"],"_links":{"self":[{"href":"https:\/\/demos.uptitude.fr\/savviry1\/wp-json\/wp\/v2\/posts\/2297","targetHints":{"allow":["GET"]}}],"collection":[{"href":"https:\/\/demos.uptitude.fr\/savviry1\/wp-json\/wp\/v2\/posts"}],"about":[{"href":"https:\/\/demos.uptitude.fr\/savviry1\/wp-json\/wp\/v2\/types\/post"}],"author":[{"embeddable":true,"href":"https:\/\/demos.uptitude.fr\/savviry1\/wp-json\/wp\/v2\/users\/990005"}],"replies":[{"embeddable":true,"href":"https:\/\/demos.uptitude.fr\/savviry1\/wp-json\/wp\/v2\/comments?post=2297"}],"version-history":[{"count":0,"href":"https:\/\/demos.uptitude.fr\/savviry1\/wp-json\/wp\/v2\/posts\/2297\/revisions"}],"wp:featuredmedia":[{"embeddable":true,"href":"https:\/\/demos.uptitude.fr\/savviry1\/wp-json\/"}],"wp:attachment":[{"href":"https:\/\/demos.uptitude.fr\/savviry1\/wp-json\/wp\/v2\/media?parent=2297"}],"wp:term":[{"taxonomy":"category","embeddable":true,"href":"https:\/\/demos.uptitude.fr\/savviry1\/wp-json\/wp\/v2\/categories?post=2297"},{"taxonomy":"post_tag","embeddable":true,"href":"https:\/\/demos.uptitude.fr\/savviry1\/wp-json\/wp\/v2\/tags?post=2297"}],"curies":[{"name":"wp","href":"https:\/\/api.w.org\/{rel}","templated":true}]}}