{"id":2338,"date":"2020-03-19T10:38:38","date_gmt":"2020-03-19T10:38:38","guid":{"rendered":"http:\/\/www.savigny-viry-catholique.fr\/?p=2338"},"modified":"2020-03-19T10:38:38","modified_gmt":"2020-03-19T10:38:38","slug":"covid-19-saviry-initiatives","status":"publish","type":"post","link":"https:\/\/demos.uptitude.fr\/savviry1\/covid-19-saviry-initiatives\/","title":{"rendered":"Covid-19 &#8211; SaViry &#8211; Initiatives"},"content":{"rendered":"\n<p>Ce qui se vit malgr\u00e9 tout<\/p>\n\n\n\n<h3>Bien chers tous,\u00a0<\/h3>\n<p>Le temps du d\u00e9confinement n&rsquo;est pas un retour \u00e0 \u00ab\u00a0avant\u00a0\u00bb.<br \/>Dans les consignes ci-dessous veuillez trouver nos nouvelles conditions de fonctionnement.<\/p>\n<p style=\"text-align: center;\"><strong>Merci \u00e0 tous ceux qui travaille et ont travaill\u00e9 <br \/>\u00e0 ce qu&rsquo;une r\u00e9ouverture am\u00e9nag\u00e9es soit possible.<\/strong><\/p>\n<p><strong>Vous trouverez ici les initiatives et documents qui peuvent nous soutenir et que nous pouvons soutenir en cette p\u00e9riode de Crise&#8230; <\/strong><strong>Dans le respect des consignes, dans le respect des personnes.<\/strong><\/p>\n<p style=\"text-align: center;\"><strong><em>Signalons :<br \/><\/em><\/strong><em>(Et merci \u00e0 ceux qui participe \u00e0 ces innovations)<\/em><\/p>\n<ul>\n<li>Les conditions de <strong>fonctionnement lors de la \u00ab\u00a0r\u00e9ouverture\u00a0\u00bb\u00a0<\/strong>: <a href=\"http:\/\/www.savigny-viry-catholique.fr\/2020\/05\/19\/covid-19-deconfinement\/\" target=\"_blank\" rel=\"noopener noreferrer\">c&rsquo;est ici<\/a><\/li>\n<li>Une page pour \u00ab\u00a0Faire vivre notre Foi autrement\u00a0\u00bb : <a href=\"http:\/\/www.savigny-viry-catholique.fr\/2020\/04\/15\/covid-19-faire-vivre-notre-foi-autrement\/\" target=\"_blank\" rel=\"noopener noreferrer\">c&rsquo;est ici<\/a><\/li>\n<li>Une page pour continuer le <strong>Cat\u00e9<\/strong> : <a href=\"http:\/\/www.savigny-viry-catholique.fr\/2020\/03\/21\/covid-19-saviry-catechisme\/\" target=\"_blank\" rel=\"noopener noreferrer\">c&rsquo;est ici<\/a><\/li>\n<li>Une page pour partager des <strong>intentions de pri\u00e8res<\/strong> : <a href=\"http:\/\/www.savigny-viry-catholique.fr\/portfolio\/confinement-prieres-et-intentions-de-prieres\/\" target=\"_blank\" rel=\"noopener noreferrer\">c&rsquo;est ici<\/a><br \/>affichage au fur et \u00e0 mesure de leur envoi (apr\u00e8s une validation).<\/li>\n<li>Une recension des <strong>Communiqu\u00e9s\u00a0<\/strong>&amp; Consignes : <a href=\"http:\/\/www.savigny-viry-catholique.fr\/2020\/03\/03\/covid-19\/\" target=\"_blank\" rel=\"noopener noreferrer\">c&rsquo;est ici<\/a><br \/>(et dans l&rsquo;article Covid-19 Consignes &amp; Communiqu\u00e9s officiels)\u00a0<\/li>\n<\/ul>\n<p>Afin d&rsquo;aider chacun \u00e0 vivre ce temps de confinement comme bien d&rsquo;autres, la pastorale essaye de s\u2019adapter \u00e0 ce qui est raisonnablement possible, les e-publications du secteur sont devenues le temps de cette \u00ab\u00a0interruption\u00a0\u00bb un bulletin unique ublipost\u00e9 aux abonn\u00e9s des E-publications du secteur: \u00ab\u00a0SaViry-Initiatives\u00a0\u00bb en voici les archives :\u00a0<\/p>\n<h5><a href=\"http:\/\/www.savigny-viry-catholique.fr\/Download\/doc\/SaViry-Initiatives-12.pdf\" target=\"_blank\" rel=\"noopener noreferrer\"><strong>Douzi\u00e8me bulletin \u00e0 t\u00e9l\u00e9charger<\/strong><\/a> au 30\/05\/2020<\/h5>\n<h5><a href=\"http:\/\/www.savigny-viry-catholique.fr\/Download\/doc\/SaViry-Initiatives-11.pdf\" target=\"_blank\" rel=\"noopener noreferrer\"><strong>Onzi\u00e8me bulletin \u00e0 t\u00e9l\u00e9charger<\/strong><\/a> au 21\/05\/2020<\/h5>\n<h5><a href=\"http:\/\/www.savigny-viry-catholique.fr\/Download\/doc\/SaViry-Initiatives-10.pdf\" target=\"_blank\" rel=\"noopener noreferrer\"><strong>Dixi\u00e8me bulletin \u00e0 t\u00e9l\u00e9charger<\/strong><\/a> au 16\/05\/2020<\/h5>\n<h5><strong><a href=\"http:\/\/www.savigny-viry-catholique.fr\/Download\/doc\/SaViry-Initiatives-09.pdf\" target=\"_blank\" rel=\"noopener noreferrer\">Neuvi\u00e8me bulletin \u00e0 t\u00e9l\u00e9charger<\/a><\/strong> au 09\/05\/2020<\/h5>\n<h5><strong><a href=\"http:\/\/www.savigny-viry-catholique.fr\/Download\/doc\/SaViry-Initiatives-08.pdf\" target=\"_blank\" rel=\"noopener noreferrer\">Huiti\u00e8me bulletin \u00e0 t\u00e9l\u00e9charger<\/a><\/strong> au 02\/05\/2020<\/h5>\n<h5><strong><a href=\"http:\/\/www.savigny-viry-catholique.fr\/Download\/doc\/SaViry-Initiatives-07.pdf\" target=\"_blank\" rel=\"noopener noreferrer\">Septi\u00e8me bulletin \u00e0 t\u00e9l\u00e9charger<\/a><\/strong> au 25\/04\/2020<\/h5>\n<h5><strong><a href=\"http:\/\/www.savigny-viry-catholique.fr\/Download\/doc\/SaViry-Initiatives-06.pdf\" target=\"_blank\" rel=\"noopener noreferrer\">Sixi\u00e8me bulletin \u00e0 t\u00e9l\u00e9charger<\/a><\/strong> au 18\/04\/2020<\/h5>\n<h5><a href=\"http:\/\/www.savigny-viry-catholique.fr\/Download\/doc\/SaViry-Initiatives-05.pdf\"><span style=\"color: #007fac;\"><u>Cinqui\u00e8me b<\/u><\/span><strong>ulletin \u00e0 t\u00e9l\u00e9charger<\/strong><\/a> au 11\/04\/2020<\/h5>\n<h5><strong><a href=\"http:\/\/www.savigny-viry-catholique.fr\/Download\/doc\/SaViry-Initiatives-04.pdf\" target=\"_blank\" rel=\"noopener noreferrer\">Quatri\u00e8me bulletin \u00e0 t\u00e9l\u00e9charger<\/a><\/strong> au 04\/04\/2020<\/h5>\n<h5><a href=\"http:\/\/www.savigny-viry-catholique.fr\/Download\/doc\/SaViry-Initiatives-03.pdf\" target=\"_blank\" rel=\"noopener noreferrer\">Troisi\u00e8me bulletin \u00e0 t\u00e9l\u00e9charger<\/a> au 27\/03\/2020<\/h5>\n<h5><a href=\"http:\/\/www.savigny-viry-catholique.fr\/Download\/doc\/SaViry-Initiatives-02.pdf\" target=\"_blank\" rel=\"noopener noreferrer\">Deuxi\u00e8me bulletin \u00e0 t\u00e9l\u00e9charger<\/a> au 22\/03\/2020<\/h5>\n<h5><a href=\"http:\/\/www.savigny-viry-catholique.fr\/Download\/doc\/SaViry-Initiatives-01.pdf\" target=\"_blank\" rel=\"noopener noreferrer\">Premier bulletin \u00e0 t\u00e9l\u00e9charger<\/a> au 19\/03\/2020<\/h5>\n<p>Nota : N&rsquo;ayant plus la possibilit\u00e9 de diffuser un \u00ab\u00a0Agenda\u00a0\u00bb papier, \u00e0 compter du num\u00e9ro 6 la derni\u00e8re page de ces bulletins a fait part part des d\u00e9funts de nos paroisses (dans la mesure o\u00f9 nous avons connaissance).<\/p>\n<p style=\"text-align: right;\">P. Thierry DAVID.<\/p>\n","protected":false},"excerpt":{"rendered":"","protected":false},"author":990005,"featured_media":2337,"comment_status":"closed","ping_status":"closed","sticky":false,"template":"","format":"standard","meta":{"give_campaign_id":0,"footnotes":""},"categories":[38],"tags":[],"class_list":["post-2338","post","type-post","status-publish","format-standard","has-post-thumbnail","hentry","category-officiel"],"_links":{"self":[{"href":"https:\/\/demos.uptitude.fr\/savviry1\/wp-json\/wp\/v2\/posts\/2338","targetHints":{"allow":["GET"]}}],"collection":[{"href":"https:\/\/demos.uptitude.fr\/savviry1\/wp-json\/wp\/v2\/posts"}],"about":[{"href":"https:\/\/demos.uptitude.fr\/savviry1\/wp-json\/wp\/v2\/types\/post"}],"author":[{"embeddable":true,"href":"https:\/\/demos.uptitude.fr\/savviry1\/wp-json\/wp\/v2\/users\/990005"}],"replies":[{"embeddable":true,"href":"https:\/\/demos.uptitude.fr\/savviry1\/wp-json\/wp\/v2\/comments?post=2338"}],"version-history":[{"count":0,"href":"https:\/\/demos.uptitude.fr\/savviry1\/wp-json\/wp\/v2\/posts\/2338\/revisions"}],"wp:featuredmedia":[{"embeddable":true,"href":"https:\/\/demos.uptitude.fr\/savviry1\/wp-json\/"}],"wp:attachment":[{"href":"https:\/\/demos.uptitude.fr\/savviry1\/wp-json\/wp\/v2\/media?parent=2338"}],"wp:term":[{"taxonomy":"category","embeddable":true,"href":"https:\/\/demos.uptitude.fr\/savviry1\/wp-json\/wp\/v2\/categories?post=2338"},{"taxonomy":"post_tag","embeddable":true,"href":"https:\/\/demos.uptitude.fr\/savviry1\/wp-json\/wp\/v2\/tags?post=2338"}],"curies":[{"name":"wp","href":"https:\/\/api.w.org\/{rel}","templated":true}]}}