{"id":2347,"date":"2020-03-21T18:58:00","date_gmt":"2020-03-21T18:58:00","guid":{"rendered":"http:\/\/www.savigny-viry-catholique.fr\/?p=2347"},"modified":"2020-03-21T18:58:00","modified_gmt":"2020-03-21T18:58:00","slug":"covid-19-saviry-catechisme","status":"publish","type":"post","link":"https:\/\/demos.uptitude.fr\/savviry1\/covid-19-saviry-catechisme\/","title":{"rendered":"Covid &#8211; 19 &#8211; SaViry &#8211; Cat\u00e9chisme"},"content":{"rendered":"\n<p>Pendant cette p\u00e9riode in\u00e9dite de notre vie ; le confinement et l&rsquo;interdiction de se rassembler pour bien des activit\u00e9s (dont le cat\u00e9chisme) nous emp\u00eache de nous voir \u00ab\u00a0en vrai\u00a0\u00bb, alors comme pour l&rsquo;\u00e9cole et le travail de certains parents, <strong>le cat\u00e9 \u00e0 la maison<\/strong> est devenu presque possible &#8230;<br \/><strong>Tu trouveras ci-dessous SIX s\u00e9quences \u00e9crites au long de ses longues semaines d&rsquo;interruption.<\/strong><br \/>A chaque fois quelques dessins, bricolages, vid\u00e9os, chants te permette de comprendre mais plus de vivre le th\u00e8me.<br \/>(Certes rien ne vaut le contact personnel, la pri\u00e8re communautaire, l\u2019\u00e9change entre croyants. Mais il ne faut pas arr\u00eater notre vie avec Dieu \u00e0 cause de la situation !)<br \/>Tu trouveras donc ci-dessous quelques pages pour t&rsquo;aider \u00e0 continuer ton chemin dans la Foi.<\/p>\n<p><em>A la fin de cette page tu peux acc\u00e9der aux s\u00e9quences pr\u00e9c\u00e9dentes.<\/em><br \/><em>A la fin de cette page n&rsquo;oublies pas de lire avec tes parents les recommandations.<\/em><\/p>\n<p>[hr]<\/p>\n<h4 style=\"text-align: center;\">Sixi\u00e8me s\u00e9quence : l\u2019Ascension et la Pentec\u00f4te.<\/h4>\n<h1 style=\"text-align: center;\"><strong>L\u2019ASCENSION<\/strong><\/h1>\n<h3 style=\"text-align: center;\"><strong>Suivre J\u00e9sus qui monte au ciel<\/strong><\/h3>\n<p><img fetchpriority=\"high\" decoding=\"async\" class=\"size-full wp-image-2792 alignright\" src=\"http:\/\/www.savigny-viry-catholique.fr\/wp-content\/uploads\/2020\/03\/ascension-illus.jpg\" alt=\"\" width=\"280\" height=\"284\" \/>40 jours apr\u00e8s P\u00e2ques nous c\u00e9l\u00e9brons la f\u00eate de l\u2019Ascension. Cette f\u00eate nous rappelle que J\u00e9sus apr\u00e8s sa R\u00e9surrection est mont\u00e9 au ciel rejoindre son P\u00e8re. <br \/>L\u2019Ascension marque <strong>la fin des apparitions de J\u00e9sus, mais pas sa disparition<\/strong> pour toujours.<\/p>\n<p>Un moment myst\u00e9rieux que nous racontent les \u00e9vangiles de Marc (16,19) et Luc (24,50-53) et les Actes des Ap\u00f4tres (1,9-11)<\/p>\n<p><a href=\"http:\/\/www.savigny-viry-catholique.fr\/Download\/doc\/KT6-Ascension-coloriage.pdf\" target=\"_blank\" rel=\"noopener noreferrer\">En voici une repr\u00e9sentation<\/a><\/p>\n<p><strong>Que s\u2019est-il pass\u00e9\u00a0?<\/strong><\/p>\n<p>J\u00e9sus apr\u00e8s sa mort et sa r\u00e9surrection, appara\u00eet une derni\u00e8re fois \u00e0 ses amis les disciples. Sous leurs yeux, il s\u2019\u00e9l\u00e8ve vers le ciel o\u00f9 il va rejoindre Dieu son p\u00e8re. J\u00e9sus est parti vers le ciel et les disciples ont longtemps regard\u00e9 le ciel.<\/p>\n<p>Nous aussi nous pouvons regarder vers le ciel mais nous ne voyons pas J\u00e9sus. <br \/>M\u00eame avec un t\u00e9lescope tu ne verras pas J\u00e9sus : il n&rsquo;est pas partit comme une fus\u00e9e ou un satellite !<br \/><strong>Il est avec le p\u00e8re et ils ne font qu\u2019un.<br \/><\/strong>La Bible raconte qu\u2019il s\u2019est \u00e9lev\u00e9 et qu\u2019une nu\u00e9e est venue le soustraire \u00e0 leurs yeux.<br \/>Nous, chr\u00e9tiens, nous disons : il est mont\u00e9 aux cieux, il est partit pr\u00e8s de son P\u00e8re, mais attention c&rsquo;est pas la lune ou Mars !\u00a0<a href=\"https:\/\/www.youtube.com\/watch?v=9MtDIFCiZ_I\" target=\"_blank\" rel=\"noopener noreferrer\">Regarde on t&rsquo;explique<\/a>\u00a0<\/p>\n<h3><strong>Alors &#8230; Quel message laisse J\u00e9sus a ses disciples ?<\/strong><\/h3>\n<p>J\u00e9sus explique \u00e0 ses disciples que m\u00eame <strong>s\u2019ils ne le voient plus de leurs yeux, il ne les abandonne pas.\u00a0<\/strong>J\u00e9sus a confi\u00e9 une mission \u00e0 ses amis : <br \/>\u00ab Tout pouvoir m\u2019a \u00e9t\u00e9 donn\u00e9 au ciel et sur la terre. Allez ! de toutes les nations faites des disciples : baptisez-les au nom du P\u00e8re, et du Fils, et du Saint Esprit, apprenez-leur \u00e0 observer tout ce que je vous ai command\u00e9 \u00bb (Mt28,18-20a)<\/p>\n<p>Il va leur envoyer la force son Esprit Saint pour les accompagner partout o\u00f9 ils iront pour annoncer cette nouvelle. Les disciples ne devaient avoir peur de rien et de personne.<\/p>\n<p>Pour eux cette s\u00e9paration est sans doute difficile ! (mais une s\u00e9paration avec un bon compagnon c&rsquo;est toujours triste et difficile &#8230; et pourtant la vie recommence autrement&#8230;)<br \/>Et oui parfois on aimerait que ceux qui nous \u00e9paulent, qui nous conseillent restent toujours avec nous\u2026 de peur de nous \u00e9garer, de nous tromper de chemin.<\/p>\n<p><strong>J\u00e9sus les rassurent<\/strong>\u00a0: \u00ab Et moi, je suis avec vous tous les jours jusqu\u2019\u00e0 la fin du monde \u00bb (Mt28, 20b)<br \/>Comme les Ap\u00f4tres : <strong>J\u00e9sus nous accompagne dans nos vies de tous les jours et partout.<\/strong> Il nous montre le chemin vers Dieu.<br \/>Il est pr\u00e9sent aujourd\u2019hui :<\/p>\n<ul>\n<li>Dans la pri\u00e8re<\/li>\n<li>Dans la lecture de la Bible<\/li>\n<li>Lorsque nous participons \u00e0 l\u2019Eucharistie<\/li>\n<li>A travers nos gestes d\u2019amiti\u00e9, de joie de partage, de pardon<\/li>\n<\/ul>\n<p>J\u00e9sus nous invite \u00e0 le suivre, \u00e0 sortir de nos peurs, de nos doutes, \u00e0 oser aller \u00e0 la rencontre de son prochain pour aller vers le P\u00e8re.<\/p>\n<p><a href=\"http:\/\/www.savigny-viry-catholique.fr\/Download\/doc\/KT6-Ascension-mots-crois\u00e9s.pdf\" target=\"_blank\" rel=\"noopener noreferrer\">Petit \u00ab\u00a0Mots crois\u00e9s\u00a0\u00bb pour comprendre les mots clefs de l\u2019Ascension\u00a0:<\/a><\/p>\n<p>Du ciel J\u00e9sus nous a envoy\u00e9 l\u2019Esprit Saint. <br \/><a href=\"http:\/\/www.savigny-viry-catholique.fr\/Download\/doc\/KT6-Ascension-jeu.pdf\" target=\"_blank\" rel=\"noopener noreferrer\"><strong>Tu peux ici trouver un r\u00e9sum\u00e9 de l&rsquo;Ascension<\/strong><\/a><br \/>Jusqu\u2019\u00e0 son retour il est notre soutien, notre consolateur et notre ami c&rsquo;est son Esprit&#8230; <br \/>Viens, d\u00e9couvrir la :<\/p>\n<h1 style=\"text-align: center;\">Pentec\u00f4te<\/h1>\n<h3 style=\"text-align: center;\"><strong>Pentec\u00f4te le souffle de Dieu<\/strong><\/h3>\n<p><img decoding=\"async\" class=\"size-medium wp-image-2802 alignleft\" src=\"http:\/\/www.savigny-viry-catholique.fr\/wp-content\/uploads\/2020\/03\/Pentec\u00f4te-illus-240x300.jpg\" alt=\"\" width=\"240\" height=\"300\" \/>40 jours apr\u00e8s sa r\u00e9surrection, J\u00e9sus retourne aupr\u00e8s de son p\u00e8re : C\u2019est la f\u00eate de l\u2019Ascension, que tu viens de lire.<\/p>\n<p>Les ap\u00f4tres qu\u2019il a choisis pour continuer sa mission ne le verront plus de leurs yeux.\u00a0<br \/>Mais avant de les quitter J\u00e9sus a promis \u00e0 ses disciples : <strong>\u00ab vous allez recevoir une force, celle de l\u2019Esprit Saint. \u00bb<\/strong> (Ac 1,8) Le jour de la Pentec\u00f4te (50 jours apr\u00e8s P\u00e2ques), les ap\u00f4tres r\u00e9unis au C\u00e9nacle, (grande pi\u00e8ce principale des maisons juives) se sont enferm\u00e9s par crainte des Juifs et des Romains qui ont fait mourir J\u00e9sus. Marie est avec eux. Ensemble ils prient dans l\u2019attente du don promis par J\u00e9sus.<\/p>\n<p>Le jour de la Pentec\u00f4te, ils re\u00e7oivent l\u2019Esprit Saint qui se manifeste par \u201cun violent coup de vent\u201c et des \u201clangues de feu\u201c.<\/p>\n<p>L\u2019Esprit Saint met en mouvement : il fait sortir les ap\u00f4tres de chez eux. Il d\u00e9lie les langues : les ap\u00f4tres proclament les merveilles de Dieu et chacun les comprend :\u00a0<\/p>\n<p><a href=\"https:\/\/www.theobule.org\/video\/la-pentecote-ac-2-1-11\/375\" target=\"_blank\" rel=\"noopener noreferrer\">Vid\u00e9o : le souffle de Dieu Actes (2,1-11)<\/a><\/p>\n<p>Et une repr\u00e9sentation : <a href=\"http:\/\/www.savigny-viry-catholique.fr\/Download\/doc\/KT6-Pentecote-artistes.pdf\" target=\"_blank\" rel=\"noopener noreferrer\">Coloriage \u00ab\u00a0tous artistes\u00a0!\u00a0\u00bb<\/a><\/p>\n<p><strong>Qui est l\u2019Esprit Saint\u00a0?<\/strong><\/p>\n<p>L\u2019Esprit Saint est le cadeau que Dieu fait de lui-m\u00eame \u00e0 chacun de nous.<br \/>L\u2019Esprit Saint est Dieu,<br \/>Comme le P\u00e8re est Dieu<br \/>Et le Fils est Dieu.<br \/>Il est l\u2019amour entre le P\u00e8re et le Fils.<br \/>C&rsquo;est pourquoi les chr\u00e9tiens croient \u00e0 la trinit\u00e9 (<strong>trois personnes, forment un seul Dieu)<\/strong><\/p>\n<p>C\u2019est l\u2019Esprit Saint qui remplit la cr\u00e9ation, depuis le commencement du monde.<br \/>C\u2019est l\u2019Esprit Saint qui a parl\u00e9 par les proph\u00e8tes.<br \/>C\u2019est par l\u2019Esprit Saint que Marie est devenue la m\u00e8re de J\u00e9sus.<br \/>C\u2019est l\u2019Esprit Saint qui est descendu sur J\u00e9sus lors de son bapt\u00eame au Jourdain.<br \/>C\u2019est l\u2019Esprit Saint qui a lib\u00e9r\u00e9 les ap\u00f4tres de la peur lors de la Pentec\u00f4te.<br \/>C\u2019est l\u2019Esprit Saint qui apporte \u00e0 l\u2019Eglise ce qui est divin.<br \/>C\u2019est l\u2019Esprit Saint qui fait de moi la maison de Dieu.<\/p>\n<p><strong>A quoi ressemble l\u2019Esprit Saint\u00a0?<\/strong><\/p>\n<p>On ne le sait pas&#8230; Personne n\u2019a vu l\u2019Esprit Saint &#8230; Mais on peut le ressentir.<\/p>\n<p>La Bible utilise de nombreuses images pour le d\u00e9crire\u00a0:<br \/>Il est fort comme le feu,\u00a0 \u00a0 \u00a0 \u00a0 \u00a0 \u00a0<strong>Mais<\/strong> d\u00e9licat comme une colombe,<br \/>Puissant comme une temp\u00eate,\u00a0 <strong>Mais<\/strong> doux comme une brise l\u00e9g\u00e8re.<\/p>\n<p><img decoding=\"async\" class=\"size-full wp-image-2808 alignright\" src=\"http:\/\/www.savigny-viry-catholique.fr\/wp-content\/uploads\/2020\/03\/Pentec\u00f4te-illus-2.jpg\" alt=\"\" width=\"167\" height=\"223\" \/>Comme des langues de feu se sont pos\u00e9es sur chacun des ap\u00f4tres. Elles sont le signe de l\u2019Esprit donn\u00e9 \u00e0 chacun de nous et \u00e0 tous ensemble. L\u2019Esprit Saint est la force int\u00e9rieure qui va pousser les ap\u00f4tres \u00e0 agir.<\/p>\n<p>L\u2019Esprit Saint nous ne le voyons pas. Nous pouvons le reconna\u00eetre \u00e0 son action, aux fruits qu\u2019il produit dans nos vies, si nous acceptons de coop\u00e9rer avec lui.<\/p>\n<p>C&rsquo;est un peu comme le vent mais encore plus, comme l&rsquo;amiti\u00e9, l&rsquo;amour ou le beau, on en voit les r\u00e9sultats (la bible dit \u00ab\u00a0les fruits\u00a0\u00bb), bref ce qu&rsquo;il produit mais pas lui m\u00eame.<\/p>\n<p>Dans la bible, saint Paul nous en parle. \u00c9coutons ce qui est dit : <br \/>\u00ab\u00a0voici ce que produit l\u2019Esprit \u00ab\u00a0:<br \/><a href=\"http:\/\/www.savigny-viry-catholique.fr\/Download\/doc\/KT6-Pentecote-Rebus.pdf\" target=\"_blank\" rel=\"noopener noreferrer\">A toi de deviner les fruits de l\u2019Esprit Saint en d\u00e9chiffrant les r\u00e9bus<\/a><br \/>Pour v\u00e9rifier il te reste ta bible : dans la lettre de Saint Paul aux Galates (5,22)\u00a0<\/p>\n<p><img loading=\"lazy\" decoding=\"async\" class=\"size-full wp-image-1280 alignleft\" src=\"http:\/\/www.savigny-viry-catholique.fr\/wp-content\/uploads\/2017\/12\/Confirmation.jpg\" alt=\"\" width=\"256\" height=\"197\" \/>L\u2019Esprit Saint nous est donn\u00e9 \u00e0 certains moments particuliers de notre vie. Quand au nom de l\u2019Eglise les pr\u00eatres ou \u00e9v\u00eaques viennent imposer les mains sur nous : au bapt\u00eame, \u00e0 la confirmation, au mariage ou quand on est \u00ab\u00a0ordonn\u00e9\u00a0\u00bb (c&rsquo;est \u00e0 dire qu&rsquo;on devient diacre, pr\u00eatre ou \u00e9v\u00eaque).<\/p>\n<p>A la messe (l\u2019Eucharistie) c&rsquo;est lors de la pri\u00e8re de l&rsquo;Eglise -par le pr\u00eatre- que l&rsquo;Esprit\u00a0 transforme le pain et le vin qui deviennent corps et sang de J\u00e9sus \u00ab\u00a0par l\u2019action de l\u2019Esprit Saint\u00a0\u00bb.<\/p>\n<p>L\u2019Esprit Saint nous donne la joie, la force d\u2019avancer il peut \u00eatre comme un feu qui nous pousse \u00e0 faire bien, \u00e0 rendre service, \u00e0 aller vers l\u2019autre\u2026.<\/p>\n<p>L\u2019Esprit souffle o\u00f9 il veut, il vient nous surprendre pour nous faire aller plus loin, comme un coup de vent qui fait tourner les ailes d\u2019un moulin.<\/p>\n<p><a href=\"http:\/\/www.savigny-viry-catholique.fr\/Download\/doc\/KT6-Pentecote-bricolage.pdf\" target=\"_blank\" rel=\"noopener noreferrer\">R\u00e9alise avec la fiche bricolage un moulin pour \u00e9couter le vent.<\/a><\/p>\n<p>Et voici u<a href=\"http:\/\/www.savigny-viry-catholique.fr\/Download\/doc\/KT6-Pentecote-coloriage.pdf\" target=\"_blank\" rel=\"noopener noreferrer\">n coloriage pour illustrer cette f\u00eate de Pentec\u00f4te<\/a><\/p>\n<h5>Pour la pri\u00e8re, ci-dessous une \u00ab\u00a0invocation\u00a0\u00bb et<br \/>le chant en Karaok\u00e9 :\u00a0<a href=\"https:\/\/www.youtube.com\/watch?v=qUcTrs0uiio\" target=\"_blank\" rel=\"noopener noreferrer\">Ouvrez tous ces verrous ferm\u00e9s<\/a><\/h5>\n<h5>\u00a0<\/h5>\n<h5>Pri\u00e8re d\u2019action de gr\u00e2ce :<\/h5>\n<p>L\u2019Esprit Saint te fortifie dans la foi,<br \/>Il t\u2019aide \u00e0 reconna\u00eetre Dieu<br \/>Il te pousse \u00e0 agir pour aimer comme J\u00e9sus.<br \/>Il est comme le feu qui \u00e9claire, r\u00e9chauffe, fait du bien.<br \/>Il te donne la force de t\u00e9moigner.<\/p>\n<p>Si tu l\u2019\u00e9coutes il remplira ton c\u0153ur<br \/>Il sera la force de ta vie<br \/>Et ton guide int\u00e9rieur<br \/>Il t\u2019indiquera le chemin de ta vie<\/p>\n<p><strong>Merci Seigneur pour l\u2019Esprit que tu nous donnes \u00e0 tous.<\/strong><br \/><strong>Qu\u2019il nous fasse grandir dans ton amour.<\/strong><\/p>\n<p>Amen.<\/p>\n<p><span style=\"color: #ff0000;\">[hr]<\/span><\/p>\n<p><span style=\"color: #ff0000;\"><strong>ATTENTION,<span style=\"color: #808000;\"> Dieu t&rsquo;aime, il ne te veut pas de mal, donc :\u00a0<\/span><\/strong><\/span><br \/><span style=\"color: #ff0000; background-color: #ffffff;\">&#8211; Tu n&rsquo;utilises une bougie qu&rsquo;<strong>en pr\u00e9sence d&rsquo;un adulte<\/strong>.<\/span><br \/><span style=\"color: #ff0000; background-color: #ffffff;\">&#8211; Tu ne vas sur internet qu&rsquo;<strong>en pr\u00e9sence d&rsquo;un adulte.<\/strong><\/span><br \/><span style=\"background-color: #ffffff;\">Il y a l\u00e0 des dangers graves, soit raisonnable.<\/span><\/p>\n<p><span style=\"color: #ff0000;\"><strong>[hr]<\/strong><\/span><\/p>\n<p><span style=\"color: #ff0000;\"><strong>Note \u00e0 l&rsquo;intention des parents <\/strong>\u00e0 propos des \u00e9l\u00e9ments ext\u00e9rieurs \u00e0 notre site : Lorsqu&rsquo;il s&rsquo;agit de courtes vid\u00e9os ou de chants&#8230;<span style=\"color: #000000;\"> bien s\u00fbr il existe <\/span><\/span><span style=\"color: #000000;\">d&rsquo;au<\/span>tres chants, vid\u00e9os, enseignements et aussi sur d&rsquo;autres passages de la Bible et sujets de cat\u00e9ch\u00e8se, <strong><span style=\"color: #ff0000;\">MAIS&#8230;<\/span><\/strong><br \/><span style=\"color: #ff0000;\"><strong>ATTENTION<\/strong> <\/span>\u00e0 ceux qui\u00a0 sont \u00e0 l&rsquo;origine de ces publications, aux contenus, et aux virus.<br \/>Ce qui est explicitement propos\u00e9, nous l&rsquo;avons visionn\u00e9. Pour le reste &#8230; <span style=\"color: #ff0000;\"><strong>SOYEZ VIGILANTS<\/strong><\/span><br \/>&#8211; <strong><a href=\"https:\/\/www.theobule.org\/\" target=\"_blank\" rel=\"noopener noreferrer\">Th\u00e9obule<\/a> <\/strong>est r\u00e9alis\u00e9 par les religieux Dominicains, on peut visionner en \u00ab\u00a0Streaming\u00a0\u00bb ou acheter !<br \/>\u00a0 \u00a0C&rsquo;est s\u00fbr puisqu&rsquo;il s&rsquo;agit des m\u00eames religieux que ceux qui produisent la messe t\u00e9l\u00e9vis\u00e9e, <br \/>\u00a0 \u00a0 et un site <a href=\"https:\/\/www.retraitedanslaville.org\/\" target=\"_blank\" rel=\"noopener noreferrer\"><strong>pour les adultes dans leur cheminement de Foi<\/strong>.<\/a>\u00a0<br \/>&#8211; Autre r\u00e9f\u00e9rence : <strong><a href=\"https:\/\/vodeus.tv\/\" target=\"_blank\" rel=\"noopener noreferrer\">le site officiel du \u00ab\u00a0C.F.R.T. \u2013 Jour du Seigneur &amp; Vodeus<\/a> \u00a0\u00bb<\/strong> <br \/>\u00a0 \u00a0avec leur aimable autorisation.<br \/>Pour le reste des milliers de propositions bien s\u00fbr <b>MAIS YouTube (et autres concurrents) ne discernent pas ce qui est souhaitable ou NON, et les encha\u00eenements s&rsquo;av\u00e8rent dangereux !<\/b><\/p>\n<p>Quand ils sont sur Internet : <strong>Rester avec vos enfants. Merci.<\/strong><\/p>\n<p>[hr]<\/p>\n<h4><a href=\"http:\/\/www.savigny-viry-catholique.fr\/covid-19-saviry-catechisme-05\/\" target=\"_blank\" rel=\"noopener noreferrer\">Tu peux retrouver ici la cinqui\u00e8me s\u00e9quence.<\/a><\/h4>\n<h4><a href=\"http:\/\/www.savigny-viry-catholique.fr\/covid-19-saviry-catechisme-04\/\" target=\"_blank\" rel=\"noopener noreferrer\">Tu peux retrouver ici la quatri\u00e8me s\u00e9quence.<\/a><\/h4>\n<h4><a href=\"http:\/\/www.savigny-viry-catholique.fr\/covid-19-saviry-catechisme-03\/\" target=\"_blank\" rel=\"noopener noreferrer\">Tu peux retrouver ici la troisi\u00e8me s\u00e9quence.<\/a><\/h4>\n<h4><a href=\"http:\/\/www.savigny-viry-catholique.fr\/covid-19-saviry-catechisme-02\/\" target=\"_blank\" rel=\"noopener noreferrer\">Tu peux retrouver ici la deuxi\u00e8me s\u00e9quence.<\/a><\/h4>\n<h4><a href=\"http:\/\/www.savigny-viry-catholique.fr\/covid-19-saviry-catechisme-01\/\" target=\"_blank\" rel=\"noopener noreferrer\">Tu peux retrouver ici la premi\u00e8re s\u00e9quence.<\/a><\/h4>\n","protected":false},"excerpt":{"rendered":"","protected":false},"author":990005,"featured_media":2352,"comment_status":"closed","ping_status":"closed","sticky":false,"template":"","format":"standard","meta":{"give_campaign_id":0,"footnotes":""},"categories":[34],"tags":[],"class_list":["post-2347","post","type-post","status-publish","format-standard","has-post-thumbnail","hentry","category-catechese-aumonerie"],"_links":{"self":[{"href":"https:\/\/demos.uptitude.fr\/savviry1\/wp-json\/wp\/v2\/posts\/2347","targetHints":{"allow":["GET"]}}],"collection":[{"href":"https:\/\/demos.uptitude.fr\/savviry1\/wp-json\/wp\/v2\/posts"}],"about":[{"href":"https:\/\/demos.uptitude.fr\/savviry1\/wp-json\/wp\/v2\/types\/post"}],"author":[{"embeddable":true,"href":"https:\/\/demos.uptitude.fr\/savviry1\/wp-json\/wp\/v2\/users\/990005"}],"replies":[{"embeddable":true,"href":"https:\/\/demos.uptitude.fr\/savviry1\/wp-json\/wp\/v2\/comments?post=2347"}],"version-history":[{"count":0,"href":"https:\/\/demos.uptitude.fr\/savviry1\/wp-json\/wp\/v2\/posts\/2347\/revisions"}],"wp:featuredmedia":[{"embeddable":true,"href":"https:\/\/demos.uptitude.fr\/savviry1\/wp-json\/"}],"wp:attachment":[{"href":"https:\/\/demos.uptitude.fr\/savviry1\/wp-json\/wp\/v2\/media?parent=2347"}],"wp:term":[{"taxonomy":"category","embeddable":true,"href":"https:\/\/demos.uptitude.fr\/savviry1\/wp-json\/wp\/v2\/categories?post=2347"},{"taxonomy":"post_tag","embeddable":true,"href":"https:\/\/demos.uptitude.fr\/savviry1\/wp-json\/wp\/v2\/tags?post=2347"}],"curies":[{"name":"wp","href":"https:\/\/api.w.org\/{rel}","templated":true}]}}