{"id":2465,"date":"2020-03-17T11:16:30","date_gmt":"2020-03-17T11:16:30","guid":{"rendered":"http:\/\/www.savigny-viry-catholique.fr\/?p=2465"},"modified":"2020-03-17T11:16:30","modified_gmt":"2020-03-17T11:16:30","slug":"covid-19-semaine-sainte","status":"publish","type":"post","link":"https:\/\/demos.uptitude.fr\/savviry1\/covid-19-semaine-sainte\/","title":{"rendered":"Covid &#8211; 19-Semaine Sainte"},"content":{"rendered":"\n<h5 style=\"text-align: center;\"><span style=\"color: #ff0000;\"><strong>Merci de noter que : l<\/strong><strong>es \u00e9glises, salles, accueils \u2026<br \/>\u00e9tant des Etablissements Recevant du Public (E.R.P.),<br \/><\/strong><strong>de fait aucune rencontre\u00a0<\/strong><strong>ne peut avoir lieu.<br \/><\/strong>(accueil, r\u00e9unions, temps de pri\u00e8re, messes, mariages, bapt\u00eames\u2026)<\/span><\/h5>\n<h2 style=\"text-align: center;\"><strong>Pour la semaine sainte nous vous invitons<br \/>\u00e0 prier ensemble par les moyens diffus\u00e9s.<\/strong><\/h2>\n<h2><a href=\"http:\/\/www.savigny-viry-catholique.fr\/Download\/doc\/2020-Semaine-Sainte.pdf\" target=\"_blank\" rel=\"noopener noreferrer\">Ci-joint t\u00e9l\u00e9chargez les propositions disponibles pour le dioc\u00e8se aux quels nous nous associerons.<\/a><\/h2>\n<h6>Mais aussi bien d&rsquo;autres que vous avez dans vos missels, et revues \u00ab\u00a0Prions en Eglise\u00a0\u00bb, \u00ab\u00a0Magnificat\u00a0\u00bb&#8230;<\/h6>\n<p><strong>Pour faire participer les enfants merci de vous reporter \u00e0 la page \u00ab\u00a0cat\u00e9chisme sur ce site\u00a0\u00bb.<\/strong><br \/>Noter aussi que pour eux : \u00ab\u00a0Prions en Eglise\u00a0\u00bb &amp; \u00ab\u00a0Magnificat\u00a0\u00bb ont des num\u00e9ros \u00ab\u00a0enfants\u00a0\u00bb (exceptionnellement gratuit et en ligne) &#8230;<\/p>\n<h3>Et\/ou c\u00e9l\u00e9brer en famille \u00e0 partir de ces propositions:\u00a0<\/h3>\n<p><strong>Tout d&rsquo;abord et pour vivre pleinement ce temps de la semaine Sainte m\u00eame si les c\u00e9l\u00e9brations p\u00e9nitentielles ont \u00e9t\u00e9 annul\u00e9es en voici une pour c\u00e9l\u00e9brer en famille : <\/strong><br \/><strong><a href=\"http:\/\/www.savigny-viry-catholique.fr\/Download\/doc\/Liturgie-familiale-POUR LE PARDON.pdf\" target=\"_blank\" rel=\"noopener noreferrer\" data-wplink-url-error=\"true\">Notre d\u00e9sir de Pardon et la mis\u00e9ricorde de Dieu<\/a><\/strong><\/p>\n<p><strong>Propositions de liturgie familiale<\/strong><br \/><a href=\"http:\/\/www.savigny-viry-catholique.fr\/Download\/doc\/Liturgie-familiale-Passion.pdf\" target=\"_blank\" rel=\"noopener noreferrer\">\u2013 En fran\u00e7ais pour le Dimanche des Rameaux et de la Passion<\/a><br \/><a href=\"http:\/\/www.savigny-viry-catholique.fr\/Download\/doc\/Liturgie-familiale-Jeudi-Saint.pdf\" target=\"_blank\" rel=\"noopener noreferrer\">\u2013 En fran\u00e7ais pour le jeudi saint<\/a><br \/><a href=\"http:\/\/www.savigny-viry-catholique.fr\/Download\/doc\/Liturgie-familiale-jour-de-paques.pdf\" target=\"_blank\" rel=\"noopener noreferrer\">\u2013 En fran\u00e7ais pour le Jour de Pa\u0302ques<\/a><\/p>\n<h5>Certaines propositions ont \u00e9t\u00e9 traduites voir ci-dessous :\u00a0<\/h5>\n<h3>Et\/ou c\u00e9l\u00e9brer \u00e0 partir de documents ou vid\u00e9os faites par des paroissiens :<\/h3>\n<p><strong>D\u00e9marche familiale pour la Semaine Sainte.<br \/><\/strong><a href=\"https:\/\/image-et-pastorale.fr\/wp-content\/uploads\/2020\/04\/La-cantilene-demarche2.pdf\">\u00ab\u00a0En ces jours l\u00e0\u00a0\u00bb Cantil\u00e8ne pour la Semaine Sainte<\/a><\/p>\n<p><strong style=\"font-family: Verdana, Geneva, sans-serif; font-size: 14px;\">Rameaux : <br \/>Br\u00e8ve \u00e9vocation par la : <\/strong><a style=\"font-family: Verdana, Geneva, sans-serif; font-size: 14px;\" href=\"https:\/\/dai.ly\/x6znpmh\" target=\"_blank\" rel=\"noopener noreferrer\">Vid\u00e9o de la b\u00e9n\u00e9diction des rameaux de 2018 l\u2019\u00e9glise Ste Th\u00e9r\u00e8se<\/a><br \/><br \/><strong>Jeudi Saint :<\/strong> <strong style=\"font-family: Verdana, Geneva, sans-serif; font-size: 14px;\">\u00a0<br \/>Br\u00e8ve \u00e9vocation par la :<\/strong>\u00a0<a href=\"https:\/\/dai.ly\/x6znpmg\" target=\"_blank\" rel=\"noopener noreferrer\">Vid\u00e9o de la c\u00e9l\u00e9bration du jeudi saint de 2018 \u00e0 l\u2019\u00e9glise Ste Th\u00e9r\u00e8se<\/a><strong style=\"font-family: Verdana, Geneva, sans-serif; font-size: 14px;\">\u00a0<br \/>Br\u00e8ve \u00e9vocation par la : <\/strong><a href=\"https:\/\/vimeo.com\/405041667\">M\u00e9ditation avec une oeuvre d\u2019art &#8211; Chapiteau de la cath\u00e9drale d\u2019Autun\u00a0<\/a><br \/><br \/><strong>Vendredi Saint :<br \/><\/strong><a href=\"http:\/\/www.savigny-viry-catholique.fr\/Download\/doc\/Chemin_de_croix_Evangile.pdf\" target=\"_blank\" rel=\"noopener noreferrer\">M\u00e9ditation du Chemin de Croix, dans l&rsquo;esprit de celui qui est \u00e0 Notre Dame d&rsquo;Esp\u00e9rance.<\/a>\u00a0<br \/><a href=\"http:\/\/www.savigny-viry-catholique.fr\/Download\/doc\/Chemin_de_croix_CCFD.pdf\" target=\"_blank\" rel=\"noopener noreferrer\">M\u00e9ditation du Chemin de Croix, avec une proposition de Terre Solidaires &#8211; C.C.F.D.<\/a>\u00a0<br \/><strong style=\"font-family: Verdana, Geneva, sans-serif; font-size: 14px;\">\u00c9vocation par le : <\/strong><a href=\"https:\/\/www.youtube.com\/watch?v=XbAxBtb-0O8&amp;feature=youtu.be\" target=\"_blank\" rel=\"noopener noreferrer\">Vitrail de la Passion dans la cath\u00e9drale de Bourges<\/a><\/p>\n<p><strong style=\"font-family: Verdana, Geneva, sans-serif; font-size: 14px;\">F\u00eate de de la r\u00e9surrection &#8211; P\u00e2ques <br \/>Br\u00e8ve \u00e9vocation par le :<\/strong>\u00a0<a href=\"https:\/\/vimeo.com\/404619080\" target=\"_blank\" rel=\"noopener noreferrer\">M\u00e9ditation avec une oeuvre d\u2019art &#8211; Chapiteau de la cath\u00e9drale d\u2019Autun<\/a>\u00a0<\/p>\n<p><strong style=\"font-family: Verdana, Geneva, sans-serif; font-size: 14px;\">F\u00eate de de la r\u00e9surrection &#8211; Le soir de P\u00e2ques,\u00a0&#8211; Emma\u00fcs<br \/>Br\u00e8ve \u00e9vocation par le :<\/strong>\u00a0<a href=\"https:\/\/vimeo.com\/406230688\" target=\"_blank\" rel=\"noopener noreferrer\">M\u00e9ditation avec une oeuvre d\u2019art &#8211; Chapiteau de la cath\u00e9drale d\u2019Autun<\/a>\u00a0<\/p>\n<p>Pour les m\u00e9ditations avec une oeuvre d\u2019art &#8211; Chapiteau de la cath\u00e9drale d\u2019Autun, Vitrail de la Cath\u00e9drale de Bourges nous remercions l&rsquo;association \u00ab\u00a0Image&amp;Pastorale\u00a0\u00bb, qui vous propose <a href=\"https:\/\/image-et-pastorale.fr\/\" target=\"_blank\" rel=\"noopener noreferrer\">d\u2019autres r\u00e9alisations sur leur site<\/a><\/p>\n<h5>Traductions propos\u00e9es \u00e0 ce jour :<\/h5>\n<p><a href=\"http:\/\/www.savigny-viry-catholique.fr\/Download\/doc\/Liturgie-familiale-Rameaux-Tamoul.pdf\" target=\"_blank\" rel=\"noopener noreferrer\">\u2013 En Tamoul pour le Dimanche des Rameaux et de la Passion<\/a><br \/><a href=\"http:\/\/www.savigny-viry-catholique.fr\/Download\/doc\/Liturgie-familiale-Rameaux-Tamoul.pdf\" target=\"_blank\" rel=\"noopener noreferrer\">\u2013 En <\/a><a href=\"http:\/\/www.savigny-viry-catholique.fr\/Download\/doc\/Liturgie-familiale-Jeudi-Saint-Vietnamien.pdf\" target=\"_blank\" rel=\"noopener noreferrer\">Vietnamien <\/a><a href=\"http:\/\/www.savigny-viry-catholique.fr\/Download\/doc\/Liturgie-familiale-Rameaux-Vietnamien.pdf\" target=\"_blank\" rel=\"noopener noreferrer\">pour le Dimanche des Rameaux et de la Passion<\/a><\/p>\n<p><a href=\"http:\/\/www.savigny-viry-catholique.fr\/Download\/doc\/Liturgie-familiale-Jeudi-Saint-Ligala.pdf\" target=\"_blank\" rel=\"noopener noreferrer\">\u2013 En Ligala pour le jeudi saint<\/a><br \/><a href=\"http:\/\/www.savigny-viry-catholique.fr\/Download\/doc\/Liturgie-familiale-Jeudi-Saint-Malgache.pdf\" target=\"_blank\" rel=\"noopener noreferrer\">\u2013 En Malgache pour le jeudi saint<\/a><br \/><a href=\"http:\/\/www.savigny-viry-catholique.fr\/Download\/doc\/Liturgie-familiale-Jeudi-Saint-Portugais.pdf\" target=\"_blank\" rel=\"noopener noreferrer\">\u2013 En Portugais pour le jeudi saint<\/a><br \/><a href=\"http:\/\/www.savigny-viry-catholique.fr\/Download\/doc\/Liturgie-familiale-Jeudi-Saint-Tamoul.pdf\" target=\"_blank\" rel=\"noopener noreferrer\">\u2013 En Tamoul pour le jeudi saint<\/a><br \/><a href=\"http:\/\/www.savigny-viry-catholique.fr\/Download\/doc\/Liturgie-familiale-Jeudi-Saint-Vietnamien.pdf\" target=\"_blank\" rel=\"noopener noreferrer\">\u2013 En Vietnamien pour le jeudi saint<\/a><\/p>\n<p><a href=\"http:\/\/www.savigny-viry-catholique.fr\/Download\/doc\/Liturgie-familiale-chemin%20de%20croix-Malgache.pdf\" target=\"_blank\" rel=\"noopener noreferrer\">&#8211; En Malgache pour le chemin de Croix<\/a><br \/><a href=\"http:\/\/www.savigny-viry-catholique.fr\/Download\/doc\/Liturgie-familiale-chemin%20de%20croix-Portugais.pdf\" target=\"_blank\" rel=\"noopener noreferrer\">&#8211; En Portugais pour le chemin de Croix<\/a><br \/><a href=\"http:\/\/www.savigny-viry-catholique.fr\/Download\/doc\/Liturgie-familiale-Passion-Malgache.pdf\" target=\"_blank\" rel=\"noopener noreferrer\">&#8211; En Malgache pour la c\u00e9l\u00e9bration de la V\u00e9n\u00e9ration de la Croix\u00a0<\/a><\/p>\n<p><a href=\"http:\/\/www.savigny-viry-catholique.fr\/Download\/doc\/Liturgie-familiale-veille%CC%81e%20pascale-Malgache.pdf\" target=\"_blank\" rel=\"noopener noreferrer\">&#8211; En Malgache pour la veill\u00e9e pascale<\/a><br \/><a href=\"http:\/\/www.savigny-viry-catholique.fr\/Download\/doc\/Liturgie-familiale-veille%CC%81e%20pascale-Portugais.pdf\" target=\"_blank\" rel=\"noopener noreferrer\">&#8211; En Portugais pour la veill\u00e9e pascale<\/a><br \/><a href=\"http:\/\/www.savigny-viry-catholique.fr\/Download\/doc\/Liturgie-familiale-jour-de-pa%CC%82ques-Vietnamien.pdf\" target=\"_blank\" rel=\"noopener noreferrer\">&#8211; EN Vietnamien pour le jour de Pa\u0302ques<\/a><\/p>\n","protected":false},"excerpt":{"rendered":"","protected":false},"author":990005,"featured_media":2467,"comment_status":"closed","ping_status":"closed","sticky":false,"template":"","format":"standard","meta":{"give_campaign_id":0,"footnotes":""},"categories":[1],"tags":[],"class_list":["post-2465","post","type-post","status-publish","format-standard","has-post-thumbnail","hentry","category-uncategorized"],"_links":{"self":[{"href":"https:\/\/demos.uptitude.fr\/savviry1\/wp-json\/wp\/v2\/posts\/2465","targetHints":{"allow":["GET"]}}],"collection":[{"href":"https:\/\/demos.uptitude.fr\/savviry1\/wp-json\/wp\/v2\/posts"}],"about":[{"href":"https:\/\/demos.uptitude.fr\/savviry1\/wp-json\/wp\/v2\/types\/post"}],"author":[{"embeddable":true,"href":"https:\/\/demos.uptitude.fr\/savviry1\/wp-json\/wp\/v2\/users\/990005"}],"replies":[{"embeddable":true,"href":"https:\/\/demos.uptitude.fr\/savviry1\/wp-json\/wp\/v2\/comments?post=2465"}],"version-history":[{"count":0,"href":"https:\/\/demos.uptitude.fr\/savviry1\/wp-json\/wp\/v2\/posts\/2465\/revisions"}],"wp:featuredmedia":[{"embeddable":true,"href":"https:\/\/demos.uptitude.fr\/savviry1\/wp-json\/"}],"wp:attachment":[{"href":"https:\/\/demos.uptitude.fr\/savviry1\/wp-json\/wp\/v2\/media?parent=2465"}],"wp:term":[{"taxonomy":"category","embeddable":true,"href":"https:\/\/demos.uptitude.fr\/savviry1\/wp-json\/wp\/v2\/categories?post=2465"},{"taxonomy":"post_tag","embeddable":true,"href":"https:\/\/demos.uptitude.fr\/savviry1\/wp-json\/wp\/v2\/tags?post=2465"}],"curies":[{"name":"wp","href":"https:\/\/api.w.org\/{rel}","templated":true}]}}