{"id":2579,"date":"2020-04-15T17:16:15","date_gmt":"2020-04-15T17:16:15","guid":{"rendered":"http:\/\/www.savigny-viry-catholique.fr\/?p=2579"},"modified":"2020-04-15T17:16:15","modified_gmt":"2020-04-15T17:16:15","slug":"covid-19-faire-vivre-notre-foi-autrement","status":"publish","type":"post","link":"https:\/\/demos.uptitude.fr\/savviry1\/covid-19-faire-vivre-notre-foi-autrement\/","title":{"rendered":"Covid &#8211; 19 &#8211; Faire vivre notre Foi autrement"},"content":{"rendered":"\n<h3 class=\"spip\">Solennit\u00e9 de Pentec\u00f4te &#8211; dimanche 31 Mai<\/h3>\n<p><img fetchpriority=\"high\" decoding=\"async\" class=\"wp-image-2781 aligncenter\" src=\"http:\/\/www.savigny-viry-catholique.fr\/wp-content\/uploads\/2020\/04\/Pentec\u00f4te2020-300x243.jpg\" alt=\"\" width=\"723\" height=\"586\" \/><\/p>\n<p>Propositions de liturgie familiale :\u00a0<br \/><a href=\"http:\/\/www.savigny-viry-catholique.fr\/Download\/doc\/2020-05-31-liturgie familiale.pdf\" target=\"_blank\" rel=\"noopener noreferrer\" data-wplink-url-error=\"true\">T\u00e9l\u00e9chargez la proposition pour la f\u00eate de Pentec\u00f4te <\/a><\/p>\n<p><a href=\"https:\/\/www.youtube.com\/watch?v=9MtDIFCiZ_I\" target=\"_blank\" rel=\"noopener noreferrer\">Avec Th\u00e9obule de l&rsquo;Ascension \u00e0 la Pentec\u00f4te<\/a><\/p>\n<p><a href=\"https:\/\/oise.catholique.fr\/services\/Catechese\/culture-chretienne-et-temps-liturgiques\/ascension.pdf\" target=\"_blank\" rel=\"noopener noreferrer\">Petits jeux pour cette p\u00e9riode<\/a><\/p>\n<p>Deux propositions de Vodeus &#8211; CFRT &#8211; \u00ab\u00a0Le jour du Seigneur \u00ab\u00a0<br \/><a href=\"https:\/\/vodeus.tv\/video\/dou-viens-tu-marie-de-valerie-manuel-452?utm_campaign=nl-REA&amp;utm_source=hs_email&amp;utm_medium=email&amp;utm_content=88089427&amp;_hsenc=p2ANqtz--YitrEF0sA6S_VKLTyTYIu2-0rsIDs4GWU_qVELyPUF_xDHZA_34g3MeMNAkW5oU806ryT5_kAN64tesO9E55ud-hE7pS8L5T6T0tpYuXEFfTks48&amp;_hsmi=88089427\" target=\"_blank\" rel=\"noopener noreferrer\">D&rsquo;o\u00f9 viens tu Marie ?<\/a><br \/><a href=\"https:\/\/vodeus.tv\/video\/documentaire-kairos-lune-et-lautre-la-place-de-marie-dans-la-vie-chretienne-417?utm_campaign=nl-REA&amp;utm_source=hs_email&amp;utm_medium=email&amp;utm_content=88089427&amp;_hsenc=p2ANqtz--YitrEF0sA6S_VKLTyTYIu2-0rsIDs4GWU_qVELyPUF_xDHZA_34g3MeMNAkW5oU806ryT5_kAN64tesO9E55ud-hE7pS8L5T6T0tpYuXEFfTks48&amp;_hsmi=88089427\" target=\"_blank\" rel=\"noopener noreferrer\">Marie : \u00c9CHANGE \u0152CUM\u00c9NIQUE<\/a><\/p>\n<p>Deux propositions de \u00ab\u00a0Image &amp; Pastorale\u00a0\u00bb<br \/><a href=\"https:\/\/vimeo.com\/418602183\" target=\"_blank\" rel=\"noopener noreferrer\">La f\u00eate de l&rsquo;Ascension<\/a><br \/><a href=\"https:\/\/vimeo.com\/418616963\" target=\"_blank\" rel=\"noopener noreferrer\">La f\u00eate de la Pentec\u00f4te<\/a><\/p>\n<p>\u00a0<\/p>\n\n\n\n<h2 style=\"text-align: center;\"><span style=\"color: #ff00ff;\"><img decoding=\"async\" class=\" wp-image-2653 alignleft\" src=\"http:\/\/www.savigny-viry-catholique.fr\/wp-content\/uploads\/2020\/04\/Pape-Francois.jpg\" alt=\"\" width=\"191\" height=\"238\"><\/span><\/h2>\n<h2 style=\"text-align: center;\"><span style=\"color: #ff00ff;\">Mois de Mai &#8211; Mois de Marie <\/span><\/h2>\n<p><a href=\"http:\/\/www.savigny-viry-catholique.fr\/Download\/doc\/Lettre_Franc\u0327ois_Mai_2020.pdf\" target=\"_blank\" rel=\"noopener noreferrer\">D\u00e9couvrez la \u00ab\u00a0LETTRE DU PAPE FRAN\u00c7OIS A TOUS LES FID\u00c8LES POUR LE MOIS DE MAI 2020\u00a0\u00bb<\/a><\/p>\n<p>Dans la suite de la lettre du Pape Fran\u00e7ois nous invitant \u00e0 r\u00e9citer le chapelet : \u00e0 \u00e9couter, \u00e0 prier et \u00e0 partager sans mod\u00e9ration ! Plus pr\u00e8s de nous, Isabelle Kabelan du secteur pastoral de Limours, nous propose, pour d\u00e9buter ce mois de mai, mois de Marie, un chant m\u00e9ditatif <a href=\"https:\/\/www.youtube.com\/watch?time_continue=30&amp;v=4JUR4uu2X50&amp;feature=emb_logo\" target=\"_blank\" rel=\"noopener noreferrer\"><strong><em>\u00ab\u00a0Tu es femme, Marie, M\u00e8re de l\u2019Enfant Dieu\u00a0\u00bb<\/em><\/strong><em>&nbsp;<\/em>compos\u00e9 par ses soins.<\/a><br \/><br \/><\/p>\n<p>A cette occasion <strong>la chorale \u00ab\u00a0C\u0153ur d&rsquo;Enfants\u00a0\u00bb de Savigny Sur Orge<\/strong> vous propose d\u2019entrer dans la pri\u00e8re avec sa derni\u00e8re parution : <a href=\"https:\/\/www.youtube.com\/watch?v=gQE6F8-is0M\" target=\"_blank\" rel=\"noopener noreferrer\">\u00d4 Marie M\u00e8re de J\u00e9sus<\/a><\/p>\n<p><strong>En partenariat avec le Sanctuaire Notre-Dame de Lourdes,<\/strong> Prions en \u00c9glise, Radio Notre-Dame, Le P\u00e8lerin et les Augustins de l\u2019Assomption, le P\u00e8lerinage National, l\u2019association et l\u2019Hospitalit\u00e9 Notre-Dame du Salut ont pris l\u2019initiative de proposer durant le mois de mai, <strong>Mois de Marie, un chemin de pri\u00e8re quotidien.<\/strong><\/p>\n<p><strong>Chaque jour, le chemin de pri\u00e8re aborde l\u2019un des Myst\u00e8res du Rosaire et s\u2019articule ainsi&nbsp;:<\/strong><\/p>\n<p>Un chant<br \/>Un court texte de m\u00e9ditation (de St Augustin, Ste Marie Eug\u00e9nie, St Jean-Paul II, <br \/>&nbsp; &nbsp; &nbsp; &nbsp; &nbsp; &nbsp; &nbsp; &nbsp; &nbsp; &nbsp; &nbsp; &nbsp; &nbsp; &nbsp; &nbsp; &nbsp; &nbsp; &nbsp; &nbsp; &nbsp; &nbsp; &nbsp; les Papes Beno\u00eet XVI et Fran\u00e7ois, et d\u2019autres auteurs spirituels..)<br \/>Une pri\u00e8re<br \/>Des intentions<br \/>Je vous salue Marie (chant\u00e9)<br \/>Ce chemin de pri\u00e8re est <a style=\"font-size: 14px;\" href=\"https:\/\/www.pelerinage-national.org\/mois-de-marie\" target=\"_blank\" rel=\"noopener noreferrer\"><strong><em>visible en ligne<\/em><\/strong><\/a><\/p>\n\n\n\n<h3 style=\"text-align: center;\">Une proposition pour un temps de pri\u00e8re, <br \/>une halte spirituelle&nbsp;<\/h3>\n<p><a href=\"http:\/\/2k2s.mj.am\/nl2\/2k2s\/mhhql.html?m=ANEAAG6rtesAAcpD_MAAAGWXSKAAAAAAAAIAAAABAAMwdQBemeNyG2p4aFnCT8mB9ziZnDB5IwADDaA&amp;b=1fa18cde&amp;e=cbec8201&amp;x=YHaHdShGdAdgiSBGF0nM2Qx_F9oBiO5bWvvw7kqhmMs\" target=\"_blank\" rel=\"noopener noreferrer\">Une E-Veill\u00e9e du Groupe Nomade \u00e0 t\u00e9l\u00e9charger<\/a><br \/>Autour de l&rsquo;\u00e9vangile dit de St Thomas<br \/>C&rsquo;est le groupe de l&rsquo;Essonne qui anime (en pr\u00e9sentiel :-)) de nombreuses veill\u00e9es \u00e0 travers la France et que nous avions eu la chance d&rsquo;avoir \u00e0 Notre Dame d&rsquo;Esp\u00e9rance il y a quelques temps.<\/p>\n<p>&nbsp;<\/p>\n\n\n\n<h3 style=\"text-align: center;\">Initiatives pour rester unis dans la pri\u00e8re<\/h3>\n<figure id=\"attachment_2391\" aria-describedby=\"caption-attachment-2391\" style=\"width: 177px\" class=\"wp-caption alignright\"><img decoding=\"async\" class=\" wp-image-2391\" src=\"http:\/\/www.savigny-viry-catholique.fr\/wp-content\/uploads\/2020\/03\/Les-priants-copie-1-300x243.jpg\" alt=\"Les priants\" width=\"177\" height=\"143\" \/><figcaption id=\"caption-attachment-2391\" class=\"wp-caption-text\">Les priants<\/figcaption><\/figure>\n<h4><em><strong>Partager des intentions de pri\u00e8re\u00a0<\/strong><\/em><\/h4>\n<p><a href=\"http:\/\/www.savigny-viry-catholique.fr\/portfolio\/confinement-prieres-et-intentions-de-prieres\/\" target=\"_blank\" rel=\"noopener noreferrer\">C&rsquo;est ici<\/a><\/p>\n<h4>et ou depuis la page d&rsquo;accueil de notre site .<\/h4>\n<h4>\u00a0<\/h4>\n<h4><em><strong>Eucharistie en communion avec notre \u00c9v\u00eaque<\/strong> <\/em><\/h4>\n<p><strong>Vous pouvez participer \u00e0 la messe en t\u00e9l\u00e9diffusion\u00a0:<\/strong><\/p>\n<p><strong>La messe le dimanche sera c\u00e9l\u00e9br\u00e9e et retransmise \u00e0 10h30 (et chaque jour du lundi au samedi<\/strong> <strong>\u00e0 9h)<\/strong> par notre \u00e9v\u00eaque Mgr Pansard depuis la chapelle de l\u2019\u00e9v\u00each\u00e9, et retransmise en direct\u00a0: <a href=\"http:\/\/2yp8.mj.am\/lnk\/AMIAAGl8J8QAAbYkV-oAAAAABHUAAAAAACMAAAAkAANFwwBecPxC9ZWqpJC7SkOS9DA0fAjccgADIgs\/6\/aSvfaoGLgzTGVm2KmMhXTQ\/aHR0cHM6Ly93d3cueW91dHViZS5jb20vY2hhbm5lbC9VQ2N1bzZIMi1vZEtNOXBfcTVXN1ZiTUE\"><em>sur la cha\u00eene You tube du dioc\u00e8se<\/em><\/a> , accessible depuis\u00a0: <a href=\"https:\/\/www.evry.catholique.fr\/\">https:\/\/www.evry.catholique.fr\/<\/a><\/p>\n<p>\u00a0Et comme toujours \u00ab France 2 \u00bb &#8211; L\u2019\u00e9mission \u00ab le jour du Seigneur \u00bb &amp; \u00a0<a href=\"https:\/\/www.lejourduseigneur.com\/\">https:\/\/www.lejourduseigneur.com\/<\/a> pour la <strong>messe du dimanche \u00e0 11h<\/strong> (ou avant pour l\u2019\u00e9mission).<\/p>\n<p style=\"text-align: center;\"><b>D\u2019autres sites, (et Tv &amp; Web-Tv) d\u2019autres m\u00e9dias (radio\u2026) <br \/>existent et diffusent des \u00e9v\u00e9nements\u2026<\/b><\/p>\n<p><strong>Le pape Fran\u00e7ois a invit\u00e9 les chr\u00e9tiens \u00e0 faire une \u00ab communion spirituelle \u00bb<\/strong>, en formulant une pri\u00e8re, lors de la messe qu\u2019il c\u00e9l\u00e9brait ce 19 mars 2020, en direct streaming de la chapelle Sainte-Marthe au Vatican&#8230;. \u00ab J\u2019invite tous ceux qui sont loin et qui suivent la messe \u00e0 la t\u00e9l\u00e9vision, \u00e0 faire une communion spirituelle \u00bb, a-t-il dit.\u00a0Il a formul\u00e9 une pri\u00e8re pour cela :<\/p>\n<p><em>\u00ab A tes pieds, O mon J\u00e9sus, je me prosterne<br \/><\/em><em>et je t\u2019offre le repentir de mon c\u0153ur contrit<br \/><\/em><em>qui s\u2019ab\u00eeme dans son n\u00e9ant et dans Ta sainte pr\u00e9sence.<br \/><\/em><em>Je t\u2019adore dans le Saint-Sacrement de ton amour,<br \/><\/em><em>d\u00e9sireux de te recevoir dans la pauvre demeure que t\u2019offre mon c\u0153ur.<br \/><\/em><em>En attente du bonheur de la communion sacramentelle,<br \/><\/em><em>je veux te poss\u00e9der en esprit.<br \/><\/em><em>Viens \u00e0 moi, O mon J\u00e9sus, pour que je vienne \u00e0 Toi.<br \/><\/em><em>Que ton amour enflamme tout mon \u00eatre,<br \/><\/em><em>pour la vie et pour la mort.<br \/><\/em><em>Je crois en toi, j\u2019esp\u00e8re en toi, je t\u2019aime.<\/em><em>Ainsi soit-il. \u00bb (<a href=\"https:\/\/fr.zenit.org\/articles\/en-labsence-de-messe-la-priere-du-pape-pour-faire-une-communion-spirituelle\/\" target=\"_blank\" rel=\"noopener noreferrer\">cit\u00e9 par \u00ab\u00a0Zenith.org\u00a0\u00bb<\/a>)<\/em><\/p>\n<h5 style=\"text-align: center;\">C\u00e9l\u00e9brer en famille \u00e0 partir de ces propositions : <br \/>Ci-dessous les \u00ab\u00a0archives\u00a0\u00bb des dimanches pr\u00e9c\u00e9dent.<\/h5>\n<h5 class=\"spip\">7<sup>\u00e8me <\/sup>dimanche de P\u00e2ques &#8211; dimanche 24 Mai<\/h5>\n<p>Propositions de liturgie familiale : <br \/><a href=\"http:\/\/www.savigny-viry-catholique.fr\/Download\/doc\/2020-05-24-liturgie familiale.pdf\" target=\"_blank\" rel=\"noopener noreferrer\" data-wplink-url-error=\"true\">T\u00e9l\u00e9chargez la proposition pour le 7\u00b0 dimanche de Pa\u0302ques<\/a><\/p>\n<p>\u00a0<\/p>\n<h3><img loading=\"lazy\" decoding=\"async\" class=\"wp-image-2698 alignleft\" src=\"http:\/\/www.savigny-viry-catholique.fr\/wp-content\/uploads\/2020\/04\/Ascension-178x300.jpg\" alt=\"\" width=\"125\" height=\"211\" \/><\/h3>\n<h5>Solennit\u00e9 du Jeudi de\u00a0<\/h5>\n<h5><span style=\"color: inherit; font-size: 1.56em;\">l&rsquo;Ascension<\/span><\/h5>\n<p>Propositions de liturgie familiale : <br \/><a href=\"http:\/\/www.savigny-viry-catholique.fr\/Download\/doc\/2020-05-21-liturgie familiale.pdf\" target=\"_blank\" rel=\"noopener noreferrer\" data-wplink-url-error=\"true\">T\u00e9l\u00e9chargez la proposition pour le jeudi de l&rsquo;Ascension<\/a><\/p>\n<p>\u00a0<\/p>\n<h5 class=\"spip\">6<sup>\u00e8me <\/sup>dimanche de P\u00e2ques &#8211; dimanche 17 Mai<\/h5>\n<h3><img loading=\"lazy\" decoding=\"async\" class=\"size-full wp-image-2697 alignleft\" src=\"http:\/\/www.savigny-viry-catholique.fr\/wp-content\/uploads\/2020\/04\/Paques-6.jpg\" alt=\"\" width=\"205\" height=\"238\" \/><\/h3>\n<p><strong>Journ\u00e9e internationale des chr\u00e9tiens d\u2019Orient<\/strong><\/p>\n<p>En savoir plus sur les chr\u00e9tiens d&rsquo;Orient et <a href=\"https:\/\/oeuvre-orient.fr\/\" target=\"_blank\" rel=\"noopener noreferrer\">l&rsquo;Oeuvre d&rsquo;Orient<\/a> qui depuis 1856 soutient les \u00e9glises d&rsquo;Orient qui sont le berceau m\u00eame de notre Foi.<\/p>\n<p><strong>Journ\u00e9e internationale de lutte contre l\u2019homophobie<\/strong><\/p>\n<p><em>Alors que le confinement se poursuit, nous vous proposons pour ce 6<sup>\u00e8me<\/sup> dimanche de P\u00e2ques de nous unir pour un temps de pri\u00e8re dans la communion du Christ, chez nous, en famille, ou \u00e0 d\u00e9faut seule(e).<\/em><\/p>\n<p>Propositions de liturgie familiale : <br \/><a href=\"http:\/\/www.savigny-viry-catholique.fr\/Download\/doc\/2020-05-17-liturgie familiale.pdf\" target=\"_blank\" rel=\"noopener noreferrer\" data-wplink-url-error=\"true\">T\u00e9l\u00e9chargez la proposition pour le 6\u00b0 dimanche de Pa\u0302ques<\/a><\/p>\n<h5 class=\"spip\">5<sup>\u00e8me<\/sup> dimanche de P\u00e2ques &#8211; dimanche 10 Mai<\/h5>\n<p><img loading=\"lazy\" decoding=\"async\" class=\"size-full wp-image-2673 alignright\" src=\"http:\/\/www.savigny-viry-catholique.fr\/wp-content\/uploads\/2020\/04\/2020-05-10-liturgie-familiale.jpg\" alt=\"\" width=\"295\" height=\"178\" \/>Aujourd\u2019hui, ne sommes-nous pas un peu dans la m\u00eame incertitude que les disciples. Savons-nous o\u00f9 nous allons ? Quel sera notre chemin dans notre monde bless\u00e9 ? Pourtant les paroles de J\u00e9sus ont toujours quelque chose \u00e0 nous dire. Si nous avons \u00e0 mener un combat contre la maladie et pour un monde plus juste et plus solidaire, J\u00e9sus est \u00e0 nos c\u00f4t\u00e9s, il est notre guide :\u00a0<i><strong>\u00ab\u00a0Je suis le Chemin, la V\u00e9rit\u00e9 et la Vie.\u00a0\u00bb<\/strong><\/i><br class=\"autobr\" \/>En attendant la possibilit\u00e9 de nous r\u00e9unir \u00e0 nouveau dans nos \u00e9glises, nous vous proposons comme chaque dimanche d\u2019organiser la c\u00e9l\u00e9bration du dimanche en famille. Elle permet \u00e0 chaque membre d\u2019\u00eatre actif au c\u0153ur de cette liturgie familiale.<\/p>\n<p>Propositions de liturgie familiale : <br \/><a href=\"http:\/\/www.savigny-viry-catholique.fr\/Download\/doc\/2020-05-10-liturgie familiale.pdf\" data-wplink-url-error=\"true\" data-wplink-edit=\"true\">T\u00e9l\u00e9chargez la proposition pour le 5\u00b0 dimanche de Pa\u0302ques<\/a><\/p>\n<p><strong>4\u00b0 dimanche de Pa\u0302ques &#8211; <span style=\"color: #ff9900;\">Journ\u00e9e Mondiale de Pri\u00e8re pour les Vocations\u00a0<\/span><br \/><\/strong>dimanche 02 et 03 Mai<br \/>Propositions de liturgie familiale : <br \/><a href=\"http:\/\/www.savigny-viry-catholique.fr\/Download\/doc\/2020-05-03-liturgie familiale.pdf\" target=\"_blank\" rel=\"noopener noreferrer\" data-wplink-url-error=\"true\">\u2013 En fran\u00e7ais pour le 4\u00b0 dimanche de Pa\u0302ques- dimanche des Vocations<\/a><br \/>Pour ce dimanche retrouver AUSSI :\u00a0<br \/>&#8211; <a href=\"http:\/\/www.savigny-viry-catholique.fr\/Download\/doc\/2020-05-03-PRIERE-VOCATIONS.pdf\" target=\"_blank\" rel=\"noopener noreferrer\">Trois pri\u00e8res sugg\u00e9r\u00e9es par le dioc\u00e8se (dont la pri\u00e8re de Marcel CALLO)<\/a><br \/>&#8211; <a href=\"http:\/\/www.savigny-viry-catholique.fr\/Download\/doc\/Lettre_Franc\u0327ois_Vocations.pdf\" target=\"_blank\" rel=\"noopener noreferrer\">Le message du Pape \u00e0 l\u2019occasion de la pri\u00e8re mondiale pour les vocations<\/a>.<\/p>\n<p><img loading=\"lazy\" decoding=\"async\" class=\" wp-image-2652 aligncenter\" src=\"http:\/\/www.savigny-viry-catholique.fr\/wp-content\/uploads\/2020\/04\/JMVOCATIONS-2020-300x100.jpg\" alt=\"\" width=\"630\" height=\"210\" \/><\/p>\n<p>Nota : L&rsquo;Oeuvre des Vocations a d\u00e9cid\u00e9 de ne pas faire la qu\u00eate pour les vocations.<br \/>La charge sera sur les dioc\u00e8ses et les paroisses. <a href=\"http:\/\/www.savigny-viry-catholique.fr\/portfolio\/la-generosite-continue\/\" target=\"_blank\" rel=\"noopener noreferrer\">Merci de nous aider<\/a>.\u00a0<\/p>\n<pre><em>\u00a0<\/em><\/pre>\n<p><strong>3\u00b0 dimanche de Pa\u0302ques &#8211; <strong style=\"font-family: Verdana, Geneva, sans-serif; font-size: 14px;\">Emma\u00fcs<\/strong><br \/><\/strong>Propositions de liturgie familiale : <br \/><a href=\"http:\/\/www.savigny-viry-catholique.fr\/Download\/doc\/Liturgie2020-04-26.pdf\" target=\"_blank\" rel=\"noopener noreferrer\">\u2013 En fran\u00e7ais pour le 3\u00b0 dimanche de Pa\u0302ques- dimanche 26 avril<\/a><br \/>Br\u00e8ve \u00e9vocation par le :\u00a0<a href=\"https:\/\/vimeo.com\/406230688\" target=\"_blank\" rel=\"noopener noreferrer\">M\u00e9ditation avec une oeuvre d\u2019art &#8211; Chapiteau de la cath\u00e9drale d\u2019Autun<\/a>\u00a0<br \/>Une proposition pour \u00e0 colorier pour d\u00e9couvrir <a href=\"http:\/\/www.savigny-viry-catholique.fr\/Download\/doc\/Liturgie2020-04-26-activit\u00e9s.pdf\">la \u00ab\u00a0dynamique de la Messe\u00a0\u00bb<\/a> pour notre vie contenu dans ce r\u00e9cit.<\/p>\n<p><strong>2\u00b0 dimanche de Pa\u0302ques &#8211; Dimanche de la Mis\u00e9ricorde <\/strong><br \/>Propositions de liturgie familiale : <br \/><a href=\"http:\/\/www.savigny-viry-catholique.fr\/Download\/doc\/Liturgie2020-04-19.pdf\">\u2013 En fran\u00e7ais pour le 2\u00b0 dimanche de Pa\u0302ques- dimanche de la mise\u0301ricorde 19 avril<\/a><\/p>\n<pre><em>\u00a0<\/em><\/pre>\n<h4 style=\"text-align: center;\"><em><strong>Autres \u00ab\u00a0espaces de partage\u00a0\u00bb<br \/><\/strong><\/em><\/h4>\n<ul>\n<li><img loading=\"lazy\" decoding=\"async\" class=\" wp-image-2580 alignright\" src=\"http:\/\/www.savigny-viry-catholique.fr\/wp-content\/uploads\/2020\/04\/Ecoute_Pri\u00e8re_R\u00e9confort-300x208.jpg\" alt=\"\" width=\"450\" height=\"312\" \/>En ce temps difficile de confinement, le dioc\u00e8se d\u2019\u00c9vry Corbeil-Essonnes met \u00e0 votre disposition un service <strong>\u00c9COUTE \u2013 PRI\u00c8RE \u2013 R\u00c9CONFORT<\/strong>, par t\u00e9l\u00e9phone au <strong>06 40 99 87 36<\/strong> (num\u00e9ro non surtax\u00e9). Chaque apr\u00e8s-midi de 14h \u00e0 19h, une personne sera \u00e0 votre \u00e9coute. Envie de se confier ? De Partager ou demander une pri\u00e8re ? Besoin de r\u00e9confort ? Des catholiques (religieux, fid\u00e8les la\u00efcs) b\u00e9n\u00e9voles sont \u00e0 votre \u00e9coute, si vous pensez que quelqu&rsquo;un en a besoin vous pouvez l&rsquo;aider : <a href=\"http:\/\/2yp8.mj.am\/lnk\/AMMAAGyO8AcAAbZAgygAAAAABHUAAAAAACMAAAAkAANFwwBeldW7kRP3KCHLQ9yBSvxJ0y9U3QADIgs\/12\/_gRgCO-xqgac2oLrog-Acw\/aHR0cHM6Ly9ldnJ5LmNhdGhvbGlxdWUuZnIvSU1HL2pwZy8yMDIwLTAzLTMwX0Vjb3V0ZS1QYXJ0YWdlLVJlY29uZm9ydA\"><em>T\u00e9l\u00e9charger le tract<\/em><\/a> et remettez le lui !<\/li>\n<\/ul>\n<ul>\n<li><strong>Les aum\u00f4niers d\u2019h\u00f4pitaux,<\/strong> malgr\u00e9 le confinement, sont disponibles au t\u00e9l\u00e9phone pour \u00e9couter et r\u00e9conforter. Ils sont joignables aux heures ouvr\u00e9es aux num\u00e9ros de t\u00e9l\u00e9phone habituels des services d\u2019aum\u00f4nerie d\u2019h\u00f4pitaux. Il est tr\u00e8s important de laisser syst\u00e9matiquement un message vocal pr\u00e9cisant votre nom, votre num\u00e9ro de t\u00e9l\u00e9phone et la raison de votre appel. Nous vous rappellerons d\u00e8s que possible. <a href=\"http:\/\/2yp8.mj.am\/lnk\/AMMAAGyO8AcAAbZAgygAAAAABHUAAAAAACMAAAAkAANFwwBeldW7kRP3KCHLQ9yBSvxJ0y9U3QADIgs\/11\/3cNFQdaNjvsMldCzKe86Ig\/aHR0cHM6Ly9ldnJ5LmNhdGhvbGlxdWUuZnIvSU1HL3BkZi8yMDIwLTA0LTAyX0NPT1JET05ORUVTLUF1bW9uZXJpZS1DYXRob2xpcXVlLUhvcGl0YXV4LUVzc29ubmUucGRm\"><strong><em>T\u00e9l\u00e9charger les coordonn\u00e9es des aum\u00f4niers du dioc\u00e8se<\/em><\/strong> <\/a><\/li>\n<li>La Conf\u00e9rence des \u00e9v\u00eaques de France et la Conf\u00e9rence des Religieux et Religieuses de France lancent ensemble un num\u00e9ro d\u2019\u00e9coute durant le temps de confinement, apr\u00e8s la demande du Pr\u00e9sident de la R\u00e9publique lors de sa rencontre avec les repr\u00e9sentants des cultes le 16 mars dernier.<br \/>Dans ce cadre, a \u00e9t\u00e9 d\u00e9cid\u00e9 la mise en place d\u2019un num\u00e9ro \u00ab par culte \u00bb, afin de vivre un \u00ab service d\u2019\u00e9coute \u00bb pour des personnes isol\u00e9es en ce temps de confinement, atteintes du Covid-19 pour certaines, parfois en demandes sacramentelles, mais aussi pour l\u2019\u00e9coute de soignants, ou de membres de famille en deuil se posant des questions sur l\u2019organisation d\u2019obs\u00e8ques. <br \/>Ce num\u00e9ro national pour les catholiques est le <strong style=\"font-size: 14px;\">0806 700 772<\/strong><span style=\"font-size: 14px;\">, il est anonyme.<\/span><\/li>\n<li>Pour nous aider \u00e0 prier, les Carm\u00e9lites du monast\u00e8re de Frileuse mettent \u00e0 disposition sur leur site depuis quelques jours, l\u2019enregistrement de l\u2019office des Laudes qui a lieu \u00e0 7h30 et celui des v\u00eapres qui sont dites \u00e0 17h30. Un vrai moment de communion ! \u00c0 \u00e9couter sans mod\u00e9ration en allant sur <a style=\"font-size: 14px;\" href=\"http:\/\/2yp8.mj.am\/lnk\/AMMAAGyO8AcAAbZAgygAAAAABHUAAAAAACMAAAAkAANFwwBeldW7kRP3KCHLQ9yBSvxJ0y9U3QADIgs\/15\/x4gJ4VJ4mmXxHduRhydPKw\/aHR0cDovL2Nhcm1lbGRlZnJpbGV1c2UuZnIvcGFnZXMvYWNjdWVpbA\">le site du Carmel<\/a><span style=\"font-size: 14px;\">.<\/span>\n<p>\u00a0<\/p>\n<\/li>\n<\/ul>\n\n\n\n<p style=\"text-align: center;\"><u>Partout, la situation financi\u00e8re va \u00eatre compliqu\u00e9e \u2026 <br \/><\/u>Et celle de ma paroisse\u00a0? De mon dioc\u00e8se\u00a0? <br \/>Puisque nous sommes contraints \u00e0 une messe avec les supports diffus\u00e9s, \u2026 <br \/>proposons aussi la qu\u00eate sur internet\u00a0!<\/p>\n<ul>\n<li><strong>Au profit de votre paroisse<\/strong><\/li>\n<li><strong>Au profit du dioc\u00e8se \u00ab le denier de l\u2019\u00e9glise \u00bb<\/strong><\/li>\n<li><strong>Sans oublier la solidarit\u00e9.<\/strong><\/li>\n<\/ul>\n<h5 style=\"text-align: center;\"><a href=\"http:\/\/www.savigny-viry-catholique.fr\/portfolio\/la-generosite-continue\/\" target=\"_blank\" rel=\"noopener noreferrer\"><strong><em>Plus de renseignement depuis la page principale.<\/em><\/strong><\/a><\/h5>\n","protected":false},"excerpt":{"rendered":"","protected":false},"author":990005,"featured_media":2582,"comment_status":"closed","ping_status":"closed","sticky":false,"template":"","format":"standard","meta":{"give_campaign_id":0,"footnotes":""},"categories":[1],"tags":[],"class_list":["post-2579","post","type-post","status-publish","format-standard","has-post-thumbnail","hentry","category-uncategorized"],"_links":{"self":[{"href":"https:\/\/demos.uptitude.fr\/savviry1\/wp-json\/wp\/v2\/posts\/2579","targetHints":{"allow":["GET"]}}],"collection":[{"href":"https:\/\/demos.uptitude.fr\/savviry1\/wp-json\/wp\/v2\/posts"}],"about":[{"href":"https:\/\/demos.uptitude.fr\/savviry1\/wp-json\/wp\/v2\/types\/post"}],"author":[{"embeddable":true,"href":"https:\/\/demos.uptitude.fr\/savviry1\/wp-json\/wp\/v2\/users\/990005"}],"replies":[{"embeddable":true,"href":"https:\/\/demos.uptitude.fr\/savviry1\/wp-json\/wp\/v2\/comments?post=2579"}],"version-history":[{"count":0,"href":"https:\/\/demos.uptitude.fr\/savviry1\/wp-json\/wp\/v2\/posts\/2579\/revisions"}],"wp:featuredmedia":[{"embeddable":true,"href":"https:\/\/demos.uptitude.fr\/savviry1\/wp-json\/"}],"wp:attachment":[{"href":"https:\/\/demos.uptitude.fr\/savviry1\/wp-json\/wp\/v2\/media?parent=2579"}],"wp:term":[{"taxonomy":"category","embeddable":true,"href":"https:\/\/demos.uptitude.fr\/savviry1\/wp-json\/wp\/v2\/categories?post=2579"},{"taxonomy":"post_tag","embeddable":true,"href":"https:\/\/demos.uptitude.fr\/savviry1\/wp-json\/wp\/v2\/tags?post=2579"}],"curies":[{"name":"wp","href":"https:\/\/api.w.org\/{rel}","templated":true}]}}