{"id":2743,"date":"2020-05-19T17:35:38","date_gmt":"2020-05-19T17:35:38","guid":{"rendered":"http:\/\/www.savigny-viry-catholique.fr\/?p=2743"},"modified":"2020-05-19T17:35:38","modified_gmt":"2020-05-19T17:35:38","slug":"covid-19-deconfinement","status":"publish","type":"post","link":"https:\/\/demos.uptitude.fr\/savviry1\/covid-19-deconfinement\/","title":{"rendered":"Covid &#8211; 19 &#8211; d\u00e9confinement"},"content":{"rendered":"\n<h2 style=\"text-align: center;\">R\u00e9ouverture, les consignes.<\/h2>\n<h5 style=\"text-align: center;\">Pour notre secteur c\u2019est depuis la Pentec\u00f4te.<\/h5>\n<h5 style=\"text-align: center;\">MAIS ATTENTION\u00a0 <span style=\"color: #ff0000;\">\u00e0 compter du 06 Juillet<\/span><\/h5>\n<h5 style=\"text-align: center;\"><span style=\"color: #ff0000;\">c&rsquo;est aux \u00ab\u00a0Horaires d&rsquo;\u00e9t\u00e9\u00a0\u00bb\u00a0<\/span><\/h5>\n<h5 style=\"text-align: center;\"><a href=\"http:\/\/www.savigny-viry-catholique.fr\/2020\/06\/10\/vacances-scolaires-horaires-dete\/\" target=\"_blank\" rel=\"noopener noreferrer\">aux horaires et lieux, t\u00e9l\u00e9chargeable ICI.<\/a><\/h5>\n<p>Depuis plusieurs jours des b\u00e9n\u00e9voles et les membres des Equipes Pastorales et liturgiques, s&rsquo;activent&#8230;<br \/><strong>Gr\u00e2ce \u00e0 eux (MERCI) la r\u00e9ouverture des \u00e9glises&#8230;<\/strong><\/p>\n<p>Ci dessous les documents t\u00e9l\u00e9chargeables vous donnent les principales informations \u00ab\u00a0\u00e0 ce jour\u00a0\u00bb.<br \/><strong>Compte tenu de la situation ils sont susceptibles de \u00ab\u00a0Mise \u00e0 Jour\u00a0\u00bb.<\/strong><\/p>\n<h5><a href=\"http:\/\/www.savigny-viry-catholique.fr\/Download\/doc\/2020-07-11-JORF.pdf\" target=\"_blank\" rel=\"noopener noreferrer\">Extrait du journal officiel (normes de capacit\u00e9) au 11\/07\/2020)<\/a><\/h5>\n<h5><a href=\"http:\/\/www.savigny-viry-catholique.fr\/Download\/doc\/2020-06-24-Note sur l'am\u00e9nagement des lieux de culte.pdf\" data-wplink-url-error=\"true\">Mise \u00e0 jour (assouplissement des normes de capacit\u00e9 au 24\/06\/2020)<\/a><\/h5>\n<h4><a href=\"http:\/\/www.savigny-viry-catholique.fr\/Download\/doc\/Consignes-C\u00e9l\u00e9brations.pdf\" target=\"_blank\" rel=\"noopener noreferrer\">t\u00e9l\u00e9charger les consignes\u00a0pour les c\u00e9l\u00e9brations<\/a><\/h4>\n<h4><a href=\"http:\/\/www.savigny-viry-catholique.fr\/Download\/doc\/Communion.pdf\" target=\"_blank\" rel=\"noopener noreferrer\">t\u00e9l\u00e9charger une invitation \u00e0 la communion \u00e0 Domicile\u00a0<\/a><\/h4>\n<h4><a href=\"http:\/\/www.savigny-viry-catholique.fr\/Download\/doc\/Autres-Consignes.pdf\" target=\"_blank\" rel=\"noopener noreferrer\">t\u00e9l\u00e9charger les autres consignes<\/a><\/h4>\n<h5 style=\"text-align: center;\"><strong>La c\u00e9l\u00e9bration n&rsquo;est pas le tout de notre Foi. <br \/>Mais la retrouver sera vivifiant !<\/strong><\/h5>\n<p>En effet\u00a0<strong><br \/>La charit\u00e9 doit rester active<\/strong>&#8230; Merci de continuer les efforts de don en nature pour les plus d\u00e9munis selon l&rsquo;appel de la Conf\u00e9rence de Saint Vincent de Paul, et bien d&rsquo;autres partages.<\/p>\n<p><strong>L&rsquo;esp\u00e9rance doit rester active&#8230;<\/strong> soyons pr\u00eats \u00e0 t\u00e9moigner de nos convictions : \u00ab\u00a0Soyez pr\u00eats \u00e0 tout moment \u00e0 pr\u00e9senter une d\u00e9fense devant quiconque vous demande de rendre raison de l\u2019esp\u00e9rance qui est en vous, mais faites-le avec douceur et respect.\u00a0\u00bb (1 P 3, 15-18) &#8211; 2\u00e8 lecture du 17 Mai.<\/p>\n<p style=\"text-align: right;\">A tr\u00e8s bient\u00f4t &#8230; !<br \/>P. Thierry DAVID.<\/p>\n<h4><a href=\"http:\/\/www.savigny-viry-catholique.fr\/Download\/doc\/2020-05-23_DISPOSITIONS-PRATIQUES-REPRISE.pdf\" target=\"_blank\" rel=\"noopener noreferrer\">t\u00e9l\u00e9charger le communiqu\u00e9 de notre \u00c9v\u00eaque<\/a><\/h4>\n<h4><a href=\"http:\/\/www.savigny-viry-catholique.fr\/Download\/doc\/CEF_pour-la-reprise-des-cultes.pdf\" target=\"_blank\" rel=\"noopener noreferrer\">t\u00e9l\u00e9charger le communiqu\u00e9 de \u00ab\u00a0l&rsquo;Eglise de France\u00a0\u00bb<\/a><\/h4>\n<h4><a href=\"http:\/\/www.savigny-viry-catholique.fr\/Download\/doc\/GOUV_pour-la-reprise-des-cultes.pdf\" target=\"_blank\" rel=\"noopener noreferrer\">t\u00e9l\u00e9charger les recommandations du minist\u00e8re de l&rsquo;Int\u00e9rieur<\/a><\/h4>\n<p>\u00a0<\/p>\n","protected":false},"excerpt":{"rendered":"","protected":false},"author":990005,"featured_media":2313,"comment_status":"closed","ping_status":"closed","sticky":false,"template":"","format":"standard","meta":{"give_campaign_id":0,"footnotes":""},"categories":[37,38],"tags":[],"class_list":["post-2743","post","type-post","status-publish","format-standard","has-post-thumbnail","hentry","category-horaires","category-officiel"],"_links":{"self":[{"href":"https:\/\/demos.uptitude.fr\/savviry1\/wp-json\/wp\/v2\/posts\/2743","targetHints":{"allow":["GET"]}}],"collection":[{"href":"https:\/\/demos.uptitude.fr\/savviry1\/wp-json\/wp\/v2\/posts"}],"about":[{"href":"https:\/\/demos.uptitude.fr\/savviry1\/wp-json\/wp\/v2\/types\/post"}],"author":[{"embeddable":true,"href":"https:\/\/demos.uptitude.fr\/savviry1\/wp-json\/wp\/v2\/users\/990005"}],"replies":[{"embeddable":true,"href":"https:\/\/demos.uptitude.fr\/savviry1\/wp-json\/wp\/v2\/comments?post=2743"}],"version-history":[{"count":0,"href":"https:\/\/demos.uptitude.fr\/savviry1\/wp-json\/wp\/v2\/posts\/2743\/revisions"}],"wp:featuredmedia":[{"embeddable":true,"href":"https:\/\/demos.uptitude.fr\/savviry1\/wp-json\/"}],"wp:attachment":[{"href":"https:\/\/demos.uptitude.fr\/savviry1\/wp-json\/wp\/v2\/media?parent=2743"}],"wp:term":[{"taxonomy":"category","embeddable":true,"href":"https:\/\/demos.uptitude.fr\/savviry1\/wp-json\/wp\/v2\/categories?post=2743"},{"taxonomy":"post_tag","embeddable":true,"href":"https:\/\/demos.uptitude.fr\/savviry1\/wp-json\/wp\/v2\/tags?post=2743"}],"curies":[{"name":"wp","href":"https:\/\/api.w.org\/{rel}","templated":true}]}}